{"id":5307,"date":"2021-06-02T09:00:26","date_gmt":"2021-06-02T08:00:26","guid":{"rendered":"https:\/\/sagradafamilia-tickets.com\/?p=5307"},"modified":"2021-04-29T21:36:05","modified_gmt":"2021-04-29T20:36:05","slug":"el-baldaquino-que-es-y-donde-esta-en-la-sagrada-familia","status":"publish","type":"post","link":"https:\/\/sagradafamilia-tickets.com\/es\/blog-sagrada-familia\/el-baldaquino-que-es-y-donde-esta-en-la-sagrada-familia\/","title":{"rendered":"El Baldaquino: \u00bfQu\u00e9 es y d\u00f3nde est\u00e1 en la Sagrada Familia?"},"content":{"rendered":"<p><span style=\"font-weight: 400;\">El domingo 7 de septiembre de 2010, el Papa Benedicto XVI, Joseph Ratzinger, ofici\u00f3 una misa dedicada bajo el <\/span><b>baldaquino de la Sagrada Familia<\/b><span style=\"font-weight: 400;\">, en la que design\u00f3 como bas\u00edlica menor al templo dise\u00f1ado por Gaud\u00ed. Tras entrar por la puerta del Padrenuestro, el Papa par\u00f3 en seco la procesi\u00f3n al quedarse totalmente asombrado por la dimensi\u00f3n, la armon\u00eda y los juegos de luces del interior del templo.<\/span><\/p>\n<p><span style=\"font-weight: 400;\">Y fue tras esto, cuando procedi\u00f3 todo el desfile de di\u00e1conos, ac\u00f3litos, sacerdotes, obispos y cardenales, hasta que se ubic\u00f3 totalmente maravillado junto al <\/span><b>altar mayor<\/b><span style=\"font-weight: 400;\">, bajo el baldaquino, donde pende un Jes\u00fas crucificado, obra del escultor Francesc Fajula.<\/span><\/p>\n<h2><b>El Baldaquino de la Sagrada Familia<\/b><\/h2>\n<p><span style=\"font-weight: 400;\">M\u00e1s de una vez se le oy\u00f3 decir a Gaud\u00ed: \u00abQu\u00e9 bonito es que el altar est\u00e9 debajo de una parra\u00bb. Y es que la palabra \u00abbaldaquino\u00bb hace referencia a la ciudad de Baldac, actual Bagdad, en donde tradicionalmente, se situaba un dosel sobre el trono de los reyes confeccionado a base de ricos tejidos de seda. Y esta tradici\u00f3n fue recuperada por la iglesia cristiana para <\/span><b>honrar y enaltecer el altar de sus iglesias m\u00e1s importantes.<\/b><\/p>\n<p><span style=\"font-weight: 400;\">El <\/span><b>baldaquino de la Sagrada Familia se sit\u00faa sobre el altar mayor<\/b><span style=\"font-weight: 400;\"> y es un hept\u00e1gono hecho a base de metal dorado de 5 m de di\u00e1metro. De \u00e9l, cuelgan racimos de uva hechos en vidrio, hojas de parra realizadas en cobre y espigas hechas en madera blanca, barnizadas con clavos y con cobre. Sus laterales est\u00e1n forrados de pergamino y cubiertos de tapiz, con un recubrimiento en su conjunto de pan de oro de 22 quilates. Sobre \u00e9l, cuelga una de las cuatro esculturas que podemos encontrar en el interior del templo: El Cristo del Baldaquino.<\/span><\/p>\n<p><span style=\"font-weight: 400;\">Su per\u00edmetro est\u00e1 realizado a trav\u00e9s de una estructura met\u00e1lica que aporta el grosor necesario para poder contener un sistema de iluminaci\u00f3n, donde pueden leerse varias inscripciones, gracias a que est\u00e1 forrada por un pergamino transl\u00facido.<\/span><\/p>\n<p><span style=\"font-weight: 400;\">Por encima, sobresalen unas espigas de trigo simbolizando el pan de la eucarist\u00eda y por debajo, encontraremos racimos de uvas y hojas de parra intercaladas. Los racimos est\u00e1n hechos a base de vidrio inmolado de tres colores diferentes: negros, blancos y dorados, representando el vino de la eucarist\u00eda.<\/span><\/p>\n<p><span style=\"font-weight: 400;\">Si nos est\u00e1s leyendo mientras contemplas el <\/span><b>baldaquino de la Sagrada Familia<\/b><span style=\"font-weight: 400;\">, y te desplazas por el deambulatorio del \u00e1bside, podr\u00e1s leer toda la plegaria de la gloria. Est\u00e1 escrita con letras rojas iluminadas y su caligraf\u00eda era t\u00edpica de Gaud\u00ed, homenaje que le realiz\u00f3 el arquitecto director de las obras Jordi Bonet a su maestro.<\/span><\/p>\n<p><span style=\"font-weight: 400;\">Todo el baldaquino se encuentra sujeto <\/span><b>por las columnas realizadas con basalto que est\u00e1n alineadas con el altar mayor<\/b><span style=\"font-weight: 400;\">. Estas est\u00e1n dedicadas a los ap\u00f3stoles San Pedro y San Pablo, tal y como puede observarse en las argollas ubicadas en su base.<\/span><\/p>\n<p><span style=\"font-weight: 400;\">El <\/span><b>baldaquino de la Sagrada Familia<\/b><span style=\"font-weight: 400;\"> no fue el primero dise\u00f1ado por Gaud\u00ed. Se inspir\u00f3 en el dise\u00f1o realizado para la catedral de Palma de Mallorca, obra que tuvo que abandonar, como otras, para dedicarse por completo a la Sagrada Familia.<\/span><\/p>\n<h2><b>El baldaquino y el Esp\u00edritu Santo<\/b><\/h2>\n<p><span style=\"font-weight: 400;\">Si nos fijamos detenidamente, el baldaquino est\u00e1 situado entre un Cristo crucificado y una b\u00f3veda donde est\u00e1 representado el Padre eterno. Con esto, Gaud\u00ed quiso reflejar al <\/span><b>baldaquino en el Esp\u00edritu Santo<\/b><span style=\"font-weight: 400;\">, completando de esta forma, la Sant\u00edsima Trinidad: Padre, Hijo y Esp\u00edritu Santo.<\/span><\/p>\n<p><span style=\"font-weight: 400;\">Y esta es la raz\u00f3n del dise\u00f1o heptagonal del elemento. En \u00e9l, <\/span><b>pueden observarse los siete dones del Esp\u00edritu Santo<\/b><span style=\"font-weight: 400;\">: inteligencia, sabidur\u00eda, fortaleza, consejo, piedad, temor de Dios y ciencia. El centro del pol\u00edgono, se encuentra ligeramente elevado con respecto a los lados perimetrales y apunta hacia el centro del crucero. En ese v\u00e9rtice central puede leerse la inscripci\u00f3n \u00abINRI\u00bb, tal y como quedaba reflejada en la cruz donde fue crucificado Jesucristo.<\/span><\/p>\n<p><span style=\"font-weight: 400;\">Otro de los gui\u00f1os de Gaud\u00ed con respecto al <\/span><b>baldaquino y al Esp\u00edritu Santo<\/b><span style=\"font-weight: 400;\">, lo encontramos en las l\u00e1mparas que cuelgan de \u00e9l. Colgando de cada lado hay siete l\u00e1mparas, que si la sumamos a la central, hacen un total de 50, que son los d\u00edas que dura la Pascua. Pentecost\u00e9s, tiene la traducci\u00f3n literal de \u00ab50 d\u00edas\u00bb e implica la venida del Esp\u00edritu Santo, tradici\u00f3n que viene de los tiempos de Mois\u00e9s cuando recibi\u00f3 las Tablas de la Ley en el monte Sina\u00ed.<\/span><\/p>\n<p><span style=\"font-weight: 400;\">El <\/span><b>baldaquino en la Sagrada Familia y su altar mayor<\/b><span style=\"font-weight: 400;\"> se encuentran situados presidiendo toda la perspectiva que se obtiene entrando por la puerta principal de la bas\u00edlica: La Puerta de la Gloria. Al mismo tiempo y desde el mismo punto de entrada a la bas\u00edlica, pueden observarse tambi\u00e9n las esculturas de la Virgen Mar\u00eda y de San Jos\u00e9. De esta manera, todo el que entre al templo puede disfrutar de la Sagrada Familia de un solo vistazo. Con el baldaquino presidiendo el altar mayor, Gaud\u00ed dej\u00f3 muy claro el lugar de honor del Esp\u00edritu Santo en el interior del templo.<\/span><\/p>\n","protected":false},"excerpt":{"rendered":"<p>El domingo 7 de septiembre de 2010, el Papa Benedicto XVI, Joseph Ratzinger, ofici\u00f3 una misa dedicada bajo el baldaquino de la Sagrada Familia, en la que design\u00f3 como bas\u00edlica menor al templo dise\u00f1ado por Gaud\u00ed. Tras entrar por la puerta del Padrenuestro, el Papa par\u00f3 en seco la procesi\u00f3n al quedarse totalmente asombrado por &hellip;<\/p>\n<p class=\"read-more\"> <a class=\"\" href=\"https:\/\/sagradafamilia-tickets.com\/es\/blog-sagrada-familia\/el-baldaquino-que-es-y-donde-esta-en-la-sagrada-familia\/\"> <span class=\"screen-reader-text\">El Baldaquino: \u00bfQu\u00e9 es y d\u00f3nde est\u00e1 en la Sagrada Familia?<\/span> Leer m\u00e1s &raquo;<\/a><\/p>\n","protected":false},"author":3,"featured_media":5308,"comment_status":"open","ping_status":"open","sticky":false,"template":"","format":"standard","meta":{"site-sidebar-layout":"default","site-content-layout":"default","ast-global-header-display":"","ast-main-header-display":"","ast-hfb-above-header-display":"","ast-hfb-below-header-display":"","ast-hfb-mobile-header-display":"","site-post-title":"","ast-breadcrumbs-content":"","ast-featured-img":"","footer-sml-layout":"","theme-transparent-header-meta":"default","adv-header-id-meta":"","stick-header-meta":"","header-above-stick-meta":"","header-main-stick-meta":"","header-below-stick-meta":""},"categories":[59],"tags":[],"yoast_head":"<!-- This site is optimized with the Yoast SEO plugin v20.4 - https:\/\/yoast.com\/wordpress\/plugins\/seo\/ -->\n<title>El Baldaquino: \u00bfQu\u00e9 es y d\u00f3nde est\u00e1 en la Sagrada Familia? - Sagrada Familia Barcelona<\/title>\n<meta name=\"robots\" content=\"noindex, follow, max-snippet:-1, max-image-preview:large, max-video-preview:-1\" \/>\n<meta property=\"og:locale\" content=\"es_ES\" \/>\n<meta property=\"og:type\" content=\"article\" \/>\n<meta property=\"og:title\" content=\"El Baldaquino: \u00bfQu\u00e9 es y d\u00f3nde est\u00e1 en la Sagrada Familia? - Sagrada Familia Barcelona\" \/>\n<meta property=\"og:description\" content=\"El domingo 7 de septiembre de 2010, el Papa Benedicto XVI, Joseph Ratzinger, ofici\u00f3 una misa dedicada bajo el baldaquino de la Sagrada Familia, en la que design\u00f3 como bas\u00edlica menor al templo dise\u00f1ado por Gaud\u00ed. Tras entrar por la puerta del Padrenuestro, el Papa par\u00f3 en seco la procesi\u00f3n al quedarse totalmente asombrado por &hellip; El Baldaquino: \u00bfQu\u00e9 es y d\u00f3nde est\u00e1 en la Sagrada Familia? Leer m\u00e1s &raquo;\" \/>\n<meta property=\"og:url\" content=\"https:\/\/sagradafamiliaticket.org\/es\/blog-sagrada-familia\/el-baldaquino-que-es-y-donde-esta-en-la-sagrada-familia\/\" \/>\n<meta property=\"og:site_name\" content=\"Sagrada Familia Barcelona\" \/>\n<meta property=\"article:published_time\" content=\"2021-06-02T08:00:26+00:00\" \/>\n<meta property=\"article:modified_time\" content=\"2021-04-29T20:36:05+00:00\" \/>\n<meta property=\"og:image\" content=\"https:\/\/sagradafamiliaticket.org\/wp-content\/uploads\/2021\/04\/badalaquino.jpg\" \/>\n\t<meta property=\"og:image:width\" content=\"1200\" \/>\n\t<meta property=\"og:image:height\" content=\"835\" \/>\n\t<meta property=\"og:image:type\" content=\"image\/jpeg\" \/>\n<meta name=\"author\" content=\"Garcia\" \/>\n<meta name=\"twitter:card\" content=\"summary_large_image\" \/>\n<meta name=\"twitter:label1\" content=\"Escrito por\" \/>\n\t<meta name=\"twitter:data1\" content=\"Garcia\" \/>\n\t<meta name=\"twitter:label2\" content=\"Tiempo de lectura\" \/>\n\t<meta name=\"twitter:data2\" content=\"4 minutos\" \/>\n<script type=\"application\/ld+json\" class=\"yoast-schema-graph\">{\"@context\":\"https:\/\/schema.org\",\"@graph\":[{\"@type\":\"Article\",\"@id\":\"https:\/\/sagradafamiliaticket.org\/es\/blog-sagrada-familia\/el-baldaquino-que-es-y-donde-esta-en-la-sagrada-familia\/#article\",\"isPartOf\":{\"@id\":\"https:\/\/sagradafamiliaticket.org\/es\/blog-sagrada-familia\/el-baldaquino-que-es-y-donde-esta-en-la-sagrada-familia\/\"},\"author\":{\"name\":\"Garcia\",\"@id\":\"https:\/\/sagradafamilia-tickets.com\/#\/schema\/person\/23972abafba8c449b1a2910e674ba4ee\"},\"headline\":\"El Baldaquino: \u00bfQu\u00e9 es y d\u00f3nde est\u00e1 en la Sagrada Familia?\",\"datePublished\":\"2021-06-02T08:00:26+00:00\",\"dateModified\":\"2021-04-29T20:36:05+00:00\",\"mainEntityOfPage\":{\"@id\":\"https:\/\/sagradafamiliaticket.org\/es\/blog-sagrada-familia\/el-baldaquino-que-es-y-donde-esta-en-la-sagrada-familia\/\"},\"wordCount\":883,\"commentCount\":0,\"publisher\":{\"@id\":\"https:\/\/sagradafamilia-tickets.com\/#organization\"},\"articleSection\":[\"Blog de la Sagrada Familia\"],\"inLanguage\":\"es\",\"potentialAction\":[{\"@type\":\"CommentAction\",\"name\":\"Comment\",\"target\":[\"https:\/\/sagradafamiliaticket.org\/es\/blog-sagrada-familia\/el-baldaquino-que-es-y-donde-esta-en-la-sagrada-familia\/#respond\"]}]},{\"@type\":\"WebPage\",\"@id\":\"https:\/\/sagradafamiliaticket.org\/es\/blog-sagrada-familia\/el-baldaquino-que-es-y-donde-esta-en-la-sagrada-familia\/\",\"url\":\"https:\/\/sagradafamiliaticket.org\/es\/blog-sagrada-familia\/el-baldaquino-que-es-y-donde-esta-en-la-sagrada-familia\/\",\"name\":\"El Baldaquino: \u00bfQu\u00e9 es y d\u00f3nde est\u00e1 en la Sagrada Familia? - Sagrada Familia Barcelona\",\"isPartOf\":{\"@id\":\"https:\/\/sagradafamilia-tickets.com\/#website\"},\"datePublished\":\"2021-06-02T08:00:26+00:00\",\"dateModified\":\"2021-04-29T20:36:05+00:00\",\"breadcrumb\":{\"@id\":\"https:\/\/sagradafamiliaticket.org\/es\/blog-sagrada-familia\/el-baldaquino-que-es-y-donde-esta-en-la-sagrada-familia\/#breadcrumb\"},\"inLanguage\":\"es\",\"potentialAction\":[{\"@type\":\"ReadAction\",\"target\":[\"https:\/\/sagradafamiliaticket.org\/es\/blog-sagrada-familia\/el-baldaquino-que-es-y-donde-esta-en-la-sagrada-familia\/\"]}]},{\"@type\":\"BreadcrumbList\",\"@id\":\"https:\/\/sagradafamiliaticket.org\/es\/blog-sagrada-familia\/el-baldaquino-que-es-y-donde-esta-en-la-sagrada-familia\/#breadcrumb\",\"itemListElement\":[{\"@type\":\"ListItem\",\"position\":1,\"name\":\"Home\",\"item\":\"https:\/\/sagradafamilia-tickets.com\/\"},{\"@type\":\"ListItem\",\"position\":2,\"name\":\"El Baldaquino: \u00bfQu\u00e9 es y d\u00f3nde est\u00e1 en la Sagrada Familia?\"}]},{\"@type\":\"WebSite\",\"@id\":\"https:\/\/sagradafamilia-tickets.com\/#website\",\"url\":\"https:\/\/sagradafamilia-tickets.com\/\",\"name\":\"Sagrada Familia Barcelona\",\"description\":\"Book Your Tickets &amp; Tours\",\"publisher\":{\"@id\":\"https:\/\/sagradafamilia-tickets.com\/#organization\"},\"potentialAction\":[{\"@type\":\"SearchAction\",\"target\":{\"@type\":\"EntryPoint\",\"urlTemplate\":\"https:\/\/sagradafamilia-tickets.com\/?s={search_term_string}\"},\"query-input\":\"required name=search_term_string\"}],\"inLanguage\":\"es\"},{\"@type\":\"Organization\",\"@id\":\"https:\/\/sagradafamilia-tickets.com\/#organization\",\"name\":\"Sagrada Familia Barcelona\",\"url\":\"https:\/\/sagradafamilia-tickets.com\/\",\"logo\":{\"@type\":\"ImageObject\",\"inLanguage\":\"es\",\"@id\":\"https:\/\/sagradafamilia-tickets.com\/#\/schema\/logo\/image\/\",\"url\":\"https:\/\/sagradafamilia-tickets.com\/wp-content\/uploads\/2022\/08\/Sagrada-Familia-Tick.png\",\"contentUrl\":\"https:\/\/sagradafamilia-tickets.com\/wp-content\/uploads\/2022\/08\/Sagrada-Familia-Tick.png\",\"width\":526,\"height\":50,\"caption\":\"Sagrada Familia Barcelona\"},\"image\":{\"@id\":\"https:\/\/sagradafamilia-tickets.com\/#\/schema\/logo\/image\/\"}},{\"@type\":\"Person\",\"@id\":\"https:\/\/sagradafamilia-tickets.com\/#\/schema\/person\/23972abafba8c449b1a2910e674ba4ee\",\"name\":\"Garcia\",\"image\":{\"@type\":\"ImageObject\",\"inLanguage\":\"es\",\"@id\":\"https:\/\/sagradafamilia-tickets.com\/#\/schema\/person\/image\/\",\"url\":\"https:\/\/secure.gravatar.com\/avatar\/c18a9f903b74d59a1d3e1d78cb040b3e?s=96&d=mm&r=g\",\"contentUrl\":\"https:\/\/secure.gravatar.com\/avatar\/c18a9f903b74d59a1d3e1d78cb040b3e?s=96&d=mm&r=g\",\"caption\":\"Garcia\"}}]}<\/script>\n<!-- \/ Yoast SEO plugin. -->","yoast_head_json":{"title":"El Baldaquino: \u00bfQu\u00e9 es y d\u00f3nde est\u00e1 en la Sagrada Familia? - Sagrada Familia Barcelona","robots":{"index":"noindex","follow":"follow","max-snippet":"max-snippet:-1","max-image-preview":"max-image-preview:large","max-video-preview":"max-video-preview:-1"},"og_locale":"es_ES","og_type":"article","og_title":"El Baldaquino: \u00bfQu\u00e9 es y d\u00f3nde est\u00e1 en la Sagrada Familia? - Sagrada Familia Barcelona","og_description":"El domingo 7 de septiembre de 2010, el Papa Benedicto XVI, Joseph Ratzinger, ofici\u00f3 una misa dedicada bajo el baldaquino de la Sagrada Familia, en la que design\u00f3 como bas\u00edlica menor al templo dise\u00f1ado por Gaud\u00ed. Tras entrar por la puerta del Padrenuestro, el Papa par\u00f3 en seco la procesi\u00f3n al quedarse totalmente asombrado por &hellip; El Baldaquino: \u00bfQu\u00e9 es y d\u00f3nde est\u00e1 en la Sagrada Familia? Leer m\u00e1s &raquo;","og_url":"https:\/\/sagradafamiliaticket.org\/es\/blog-sagrada-familia\/el-baldaquino-que-es-y-donde-esta-en-la-sagrada-familia\/","og_site_name":"Sagrada Familia Barcelona","article_published_time":"2021-06-02T08:00:26+00:00","article_modified_time":"2021-04-29T20:36:05+00:00","og_image":[{"width":1200,"height":835,"url":"https:\/\/sagradafamiliaticket.org\/wp-content\/uploads\/2021\/04\/badalaquino.jpg","type":"image\/jpeg"}],"author":"Garcia","twitter_card":"summary_large_image","twitter_misc":{"Escrito por":"Garcia","Tiempo de lectura":"4 minutos"},"schema":{"@context":"https:\/\/schema.org","@graph":[{"@type":"Article","@id":"https:\/\/sagradafamiliaticket.org\/es\/blog-sagrada-familia\/el-baldaquino-que-es-y-donde-esta-en-la-sagrada-familia\/#article","isPartOf":{"@id":"https:\/\/sagradafamiliaticket.org\/es\/blog-sagrada-familia\/el-baldaquino-que-es-y-donde-esta-en-la-sagrada-familia\/"},"author":{"name":"Garcia","@id":"https:\/\/sagradafamilia-tickets.com\/#\/schema\/person\/23972abafba8c449b1a2910e674ba4ee"},"headline":"El Baldaquino: \u00bfQu\u00e9 es y d\u00f3nde est\u00e1 en la Sagrada Familia?","datePublished":"2021-06-02T08:00:26+00:00","dateModified":"2021-04-29T20:36:05+00:00","mainEntityOfPage":{"@id":"https:\/\/sagradafamiliaticket.org\/es\/blog-sagrada-familia\/el-baldaquino-que-es-y-donde-esta-en-la-sagrada-familia\/"},"wordCount":883,"commentCount":0,"publisher":{"@id":"https:\/\/sagradafamilia-tickets.com\/#organization"},"articleSection":["Blog de la Sagrada Familia"],"inLanguage":"es","potentialAction":[{"@type":"CommentAction","name":"Comment","target":["https:\/\/sagradafamiliaticket.org\/es\/blog-sagrada-familia\/el-baldaquino-que-es-y-donde-esta-en-la-sagrada-familia\/#respond"]}]},{"@type":"WebPage","@id":"https:\/\/sagradafamiliaticket.org\/es\/blog-sagrada-familia\/el-baldaquino-que-es-y-donde-esta-en-la-sagrada-familia\/","url":"https:\/\/sagradafamiliaticket.org\/es\/blog-sagrada-familia\/el-baldaquino-que-es-y-donde-esta-en-la-sagrada-familia\/","name":"El Baldaquino: \u00bfQu\u00e9 es y d\u00f3nde est\u00e1 en la Sagrada Familia? - Sagrada Familia Barcelona","isPartOf":{"@id":"https:\/\/sagradafamilia-tickets.com\/#website"},"datePublished":"2021-06-02T08:00:26+00:00","dateModified":"2021-04-29T20:36:05+00:00","breadcrumb":{"@id":"https:\/\/sagradafamiliaticket.org\/es\/blog-sagrada-familia\/el-baldaquino-que-es-y-donde-esta-en-la-sagrada-familia\/#breadcrumb"},"inLanguage":"es","potentialAction":[{"@type":"ReadAction","target":["https:\/\/sagradafamiliaticket.org\/es\/blog-sagrada-familia\/el-baldaquino-que-es-y-donde-esta-en-la-sagrada-familia\/"]}]},{"@type":"BreadcrumbList","@id":"https:\/\/sagradafamiliaticket.org\/es\/blog-sagrada-familia\/el-baldaquino-que-es-y-donde-esta-en-la-sagrada-familia\/#breadcrumb","itemListElement":[{"@type":"ListItem","position":1,"name":"Home","item":"https:\/\/sagradafamilia-tickets.com\/"},{"@type":"ListItem","position":2,"name":"El Baldaquino: \u00bfQu\u00e9 es y d\u00f3nde est\u00e1 en la Sagrada Familia?"}]},{"@type":"WebSite","@id":"https:\/\/sagradafamilia-tickets.com\/#website","url":"https:\/\/sagradafamilia-tickets.com\/","name":"Sagrada Familia Barcelona","description":"Book Your Tickets &amp; Tours","publisher":{"@id":"https:\/\/sagradafamilia-tickets.com\/#organization"},"potentialAction":[{"@type":"SearchAction","target":{"@type":"EntryPoint","urlTemplate":"https:\/\/sagradafamilia-tickets.com\/?s={search_term_string}"},"query-input":"required name=search_term_string"}],"inLanguage":"es"},{"@type":"Organization","@id":"https:\/\/sagradafamilia-tickets.com\/#organization","name":"Sagrada Familia Barcelona","url":"https:\/\/sagradafamilia-tickets.com\/","logo":{"@type":"ImageObject","inLanguage":"es","@id":"https:\/\/sagradafamilia-tickets.com\/#\/schema\/logo\/image\/","url":"https:\/\/sagradafamilia-tickets.com\/wp-content\/uploads\/2022\/08\/Sagrada-Familia-Tick.png","contentUrl":"https:\/\/sagradafamilia-tickets.com\/wp-content\/uploads\/2022\/08\/Sagrada-Familia-Tick.png","width":526,"height":50,"caption":"Sagrada Familia Barcelona"},"image":{"@id":"https:\/\/sagradafamilia-tickets.com\/#\/schema\/logo\/image\/"}},{"@type":"Person","@id":"https:\/\/sagradafamilia-tickets.com\/#\/schema\/person\/23972abafba8c449b1a2910e674ba4ee","name":"Garcia","image":{"@type":"ImageObject","inLanguage":"es","@id":"https:\/\/sagradafamilia-tickets.com\/#\/schema\/person\/image\/","url":"https:\/\/secure.gravatar.com\/avatar\/c18a9f903b74d59a1d3e1d78cb040b3e?s=96&d=mm&r=g","contentUrl":"https:\/\/secure.gravatar.com\/avatar\/c18a9f903b74d59a1d3e1d78cb040b3e?s=96&d=mm&r=g","caption":"Garcia"}}]}},"_links":{"self":[{"href":"https:\/\/sagradafamilia-tickets.com\/es\/wp-json\/wp\/v2\/posts\/5307"}],"collection":[{"href":"https:\/\/sagradafamilia-tickets.com\/es\/wp-json\/wp\/v2\/posts"}],"about":[{"href":"https:\/\/sagradafamilia-tickets.com\/es\/wp-json\/wp\/v2\/types\/post"}],"author":[{"embeddable":true,"href":"https:\/\/sagradafamilia-tickets.com\/es\/wp-json\/wp\/v2\/users\/3"}],"replies":[{"embeddable":true,"href":"https:\/\/sagradafamilia-tickets.com\/es\/wp-json\/wp\/v2\/comments?post=5307"}],"version-history":[{"count":1,"href":"https:\/\/sagradafamilia-tickets.com\/es\/wp-json\/wp\/v2\/posts\/5307\/revisions"}],"predecessor-version":[{"id":5310,"href":"https:\/\/sagradafamilia-tickets.com\/es\/wp-json\/wp\/v2\/posts\/5307\/revisions\/5310"}],"wp:featuredmedia":[{"embeddable":true,"href":"https:\/\/sagradafamilia-tickets.com\/es\/wp-json\/wp\/v2\/media\/5308"}],"wp:attachment":[{"href":"https:\/\/sagradafamilia-tickets.com\/es\/wp-json\/wp\/v2\/media?parent=5307"}],"wp:term":[{"taxonomy":"category","embeddable":true,"href":"https:\/\/sagradafamilia-tickets.com\/es\/wp-json\/wp\/v2\/categories?post=5307"},{"taxonomy":"post_tag","embeddable":true,"href":"https:\/\/sagradafamilia-tickets.com\/es\/wp-json\/wp\/v2\/tags?post=5307"}],"curies":[{"name":"wp","href":"https:\/\/api.w.org\/{rel}","templated":true}]}}