{"id":5301,"date":"2021-05-26T09:00:00","date_gmt":"2021-05-26T08:00:00","guid":{"rendered":"https:\/\/sagradafamilia-tickets.com\/?p=5301"},"modified":"2021-04-29T21:32:55","modified_gmt":"2021-04-29T20:32:55","slug":"el-trencadis-en-la-sagrada-familia","status":"publish","type":"post","link":"https:\/\/sagradafamilia-tickets.com\/es\/blog-sagrada-familia\/el-trencadis-en-la-sagrada-familia\/","title":{"rendered":"El trencad\u00eds en la Sagrada Familia"},"content":{"rendered":"<p><span style=\"font-weight: 400;\">Si hay algo por la que son conocidas las obras de Gaud\u00ed, aparte de la originalidad en sus dise\u00f1os arquitect\u00f3nicos, es por la utilizaci\u00f3n de la t\u00e9cnica del <\/span><i><span style=\"font-weight: 400;\">trencad\u00eds<\/span><\/i><span style=\"font-weight: 400;\">, como un homenaje a la naturaleza. A lo mejor por el nombre no sabes lo que es, pero seguro que s\u00ed te suenan esa especie de mosaicos de colores vibrantes muy caracter\u00edsticos en sus proyectos. Y c\u00f3mo no, el <\/span><b><i>trencad\u00eds<\/i><\/b><b> en la Sagrada Familia<\/b><span style=\"font-weight: 400;\"> no puede faltar. Vamos a ver en qu\u00e9 consiste esta t\u00e9cnica y donde puedes admirarla visitando este fant\u00e1stico templo.<\/span><\/p>\n<h2><b>Qu\u00e9 es el <\/b><b><i>trencad\u00eds<\/i><\/b><\/h2>\n<p><span style=\"font-weight: 400;\">El <\/span><b><i>trencad\u00eds<\/i><\/b><span style=\"font-weight: 400;\"> es una t\u00e9cnica utilizada en revestimientos de estructuras que consiste en la utilizaci\u00f3n de trozos de materiales irregulares como la cer\u00e1mica, el vidrio o el m\u00e1rmol, unidos entre s\u00ed mediante argamasa. Puede asemejarse a un mosaico, con la diferencia que para el <\/span><i><span style=\"font-weight: 400;\">trencad\u00eds<\/span><\/i><span style=\"font-weight: 400;\">, los trozos deben ser fraccionados de forma aleatoria, mientras que para el mosaico las teselas estaban formadas por formas regulares.<\/span><\/p>\n<p><span style=\"font-weight: 400;\">El aut\u00e9ntico <\/span><i><span style=\"font-weight: 400;\">trencad\u00eds<\/span><\/i><span style=\"font-weight: 400;\"> se realizaba sin boceto inicial previo, siendo una t\u00e9cnica espont\u00e1nea y creativa a la vez. Dentro del modernismo catal\u00e1n, donde fue un movimiento que estaba inspirado profundamente en la naturaleza, el <\/span><b><i>trencad\u00eds <\/i><\/b><b>de Gaud\u00ed<\/b><span style=\"font-weight: 400;\"> destaca por la b\u00fasqueda del colorido, el vigor y el movimiento que produc\u00edan sus dise\u00f1os utilizando todo tipo de materiales reciclados o reutilizados para ello. Adem\u00e1s, result\u00f3 una t\u00e9cnica perfecta para usarla en las formas que dise\u00f1aba, ya que predominaban las formas curvas y evitaba en todo momento la realizaci\u00f3n de alineaciones rectas.<\/span><\/p>\n<p><span style=\"font-weight: 400;\">En sus dise\u00f1os, predominaba la elecci\u00f3n de colores vistosos y alegres, <\/span><b>capaces de aportar luz, energ\u00eda y dinamismo en sus obras<\/b><span style=\"font-weight: 400;\">, combinando diferentes t\u00e9cnicas y materiales, con la finalidad de producir diversos efectos. Ejemplos de utilizaci\u00f3n de esta t\u00e9cnica, podemos encontrarlas en varias de sus obras como en la entrada de la finca G\u00fcell, en la Pedrera o en la Casa Batll\u00f3.<\/span><\/p>\n<p><img loading=\"lazy\" class=\"alignnone size-full wp-image-5304\" src=\"https:\/\/sagradafamilia-tickets.com\/wp-content\/uploads\/2021\/04\/8761a66fd47e0e4324ba8f6f76b5800a.jpg\" alt=\"\" width=\"640\" height=\"960\" srcset=\"https:\/\/sagradafamilia-tickets.com\/wp-content\/uploads\/2021\/04\/8761a66fd47e0e4324ba8f6f76b5800a.jpg 640w, https:\/\/sagradafamilia-tickets.com\/wp-content\/uploads\/2021\/04\/8761a66fd47e0e4324ba8f6f76b5800a-200x300.jpg 200w, https:\/\/sagradafamilia-tickets.com\/wp-content\/uploads\/2021\/04\/8761a66fd47e0e4324ba8f6f76b5800a-600x900.jpg 600w\" sizes=\"(max-width: 640px) 100vw, 640px\" \/><\/p>\n<h2><b>El <\/b><b><i>trencad\u00eds<\/i><\/b><b> en la Sagrada Familia<\/b><\/h2>\n<p><span style=\"font-weight: 400;\">El <\/span><b><i>trencad\u00eds<\/i><\/b><b> en la Sagrada Familia<\/b><span style=\"font-weight: 400;\"> nos lo podemos encontrar tanto en el interior como en el exterior, aunque los trozos m\u00e1s significativos son los que se encuentran situados en las torres.<\/span><\/p>\n<p><span style=\"font-weight: 400;\">Al objeto de poder sacar el m\u00e1ximo efecto visual en los campanarios, <\/span><b>est\u00e1n acabados con pin\u00e1culos revestidos de <\/b><b><i>trencad\u00eds<\/i><\/b><span style=\"font-weight: 400;\">, hechos a base de trozos de vidrio policromado provenientes de la isla de Murano, al lado de Venecia, tambi\u00e9n conocidos como cristal veneciano.<\/span><\/p>\n<p><span style=\"font-weight: 400;\">Curiosamente, los trozos correspondientes a la fachada del Nacimiento, que ha sido la \u00fanica parte del templo que construy\u00f3 Gaud\u00ed, no han dado los mismos problemas de sujeci\u00f3n que los correspondientes a la fachada de la Pasi\u00f3n, construida en los a\u00f1os 70. Seg\u00fan el arquitecto actual de las obras, Jordi Bonet, tanto el conglomerante utilizado en las torres de la Pasi\u00f3n, como el actual para la ejecuci\u00f3n del <\/span><i><span style=\"font-weight: 400;\">trencad\u00eds<\/span><\/i><span style=\"font-weight: 400;\">, tiene poca capacidad de fijaci\u00f3n, como lo demuestran los trozos que se han ca\u00eddo \u00faltimamente.<\/span><\/p>\n<p><span style=\"font-weight: 400;\">El uso del <\/span><b><i>trencad\u00eds <\/i><\/b><b>en la Sagrada Familia<\/b><span style=\"font-weight: 400;\"> interesaba a Gaud\u00ed por varias razones:<\/span><\/p>\n<ul>\n<li style=\"font-weight: 400;\" aria-level=\"1\"><b>Por su gran efecto \u00f3ptico<\/b><span style=\"font-weight: 400;\">: El reflejo de los rayos solares sobre la cer\u00e1mica le imprim\u00eda un car\u00e1cter de movimiento y naturalidad, como cualquier elemento vivo que podemos encontrar en la naturaleza. Por otro lado, la viveza en sus colores ofrece alegr\u00eda y m\u00e1s en una construcci\u00f3n urbana.<\/span><\/li>\n<li style=\"font-weight: 400;\" aria-level=\"1\"><b>Por su improvisaci\u00f3n<\/b><span style=\"font-weight: 400;\">: Seg\u00fan cuentan, un d\u00eda que visit\u00f3 Gaud\u00ed el taller del ceramista Llu\u00eds Bru, manifest\u00f3 una gran impaciencia al ver la lentitud en la colocaci\u00f3n de las piezas. Parece ser que cogi\u00f3 un azulejo y rompi\u00e9ndolo en el suelo, exclam\u00f3: \u00ab<\/span><i><span style=\"font-weight: 400;\">Se tienen que poner a pu\u00f1ados, o no acabaremos nunca<\/span><\/i><span style=\"font-weight: 400;\">\u00ab. Y es que una de las cosas que caracterizan a esta t\u00e9cnica modernista es la posibilidad de realizarla con una improvisaci\u00f3n total, siendo un proceso espont\u00e1neo y totalmente creativo.<\/span><\/li>\n<li style=\"font-weight: 400;\" aria-level=\"1\"><b>Por el reciclaje<\/b><span style=\"font-weight: 400;\">: Pionero en muchas cosas, Gaud\u00ed ya manifest\u00f3 su inter\u00e9s en la utilizaci\u00f3n de elementos reutilizados, como plasm\u00f3 en el uso que le daba a materiales ya usados que encontraba por las calles o en sus paseos por la playa.<\/span><\/li>\n<li style=\"font-weight: 400;\" aria-level=\"1\"><b>Por su adaptabilidad<\/b><span style=\"font-weight: 400;\">: A diferencia con los mosaicos cl\u00e1sicos destinados al cubrimiento de superficies planas, el <\/span><b><i>trencad\u00eds<\/i><\/b><span style=\"font-weight: 400;\"> es v\u00e1lido para todo tipo de superficies por su adaptabilidad y flexibilidad. Y ya sabemos lo importante que eran las formas curvas y voluptuosas para Gaud\u00ed.<\/span><\/li>\n<\/ul>\n<p><span style=\"font-weight: 400;\">Ahora que ya sabes <\/span><b>qu\u00e9 es el trencad\u00eds<\/b><span style=\"font-weight: 400;\">, seguro que lo podr\u00e1s observar en varios sitios de la Sagrada Familia. Aparte de en las torres, puedes encontrarlo en las b\u00f3vedas interiores, en el \u00e1bside y en la sacrist\u00eda. Y seguro que en la fachada de la Gloria, la pr\u00f3xima que se levantar\u00e1, cuando podamos admirarla, alg\u00fan <\/span><b><i>trencad\u00eds<\/i><\/b><span style=\"font-weight: 400;\"> podremos encontrar.<\/span><\/p>\n<p><span style=\"font-weight: 400;\">Es posible admirar el <\/span><b><i>trencad\u00eds<\/i><\/b><b> en la Sagrada Familia<\/b><span style=\"font-weight: 400;\"> desde cualquier punto de Barcelona, ya que lo \u00fanico que hay que hacer es alzar la vista al cielo y encontrarse con los pin\u00e1culos de cualquiera de sus fant\u00e1sticas torres. Otra prueba m\u00e1s del modernismo genial que conceb\u00eda Gaud\u00ed en cuanto a los dise\u00f1os que realizaba y un regalo visual al skyline de la Ciudad Condal.<\/span><\/p>\n","protected":false},"excerpt":{"rendered":"<p>Si hay algo por la que son conocidas las obras de Gaud\u00ed, aparte de la originalidad en sus dise\u00f1os arquitect\u00f3nicos, es por la utilizaci\u00f3n de la t\u00e9cnica del trencad\u00eds, como un homenaje a la naturaleza. A lo mejor por el nombre no sabes lo que es, pero seguro que s\u00ed te suenan esa especie de &hellip;<\/p>\n<p class=\"read-more\"> <a class=\"\" href=\"https:\/\/sagradafamilia-tickets.com\/es\/blog-sagrada-familia\/el-trencadis-en-la-sagrada-familia\/\"> <span class=\"screen-reader-text\">El trencad\u00eds en la Sagrada Familia<\/span> Leer m\u00e1s &raquo;<\/a><\/p>\n","protected":false},"author":3,"featured_media":5302,"comment_status":"open","ping_status":"open","sticky":false,"template":"","format":"standard","meta":{"site-sidebar-layout":"default","site-content-layout":"default","ast-global-header-display":"","ast-main-header-display":"","ast-hfb-above-header-display":"","ast-hfb-below-header-display":"","ast-hfb-mobile-header-display":"","site-post-title":"","ast-breadcrumbs-content":"","ast-featured-img":"","footer-sml-layout":"","theme-transparent-header-meta":"default","adv-header-id-meta":"","stick-header-meta":"","header-above-stick-meta":"","header-main-stick-meta":"","header-below-stick-meta":""},"categories":[59],"tags":[],"yoast_head":"<!-- This site is optimized with the Yoast SEO plugin v20.4 - https:\/\/yoast.com\/wordpress\/plugins\/seo\/ -->\n<title>El trencad\u00eds en la Sagrada Familia - Sagrada Familia Barcelona<\/title>\n<meta name=\"robots\" content=\"noindex, follow, max-snippet:-1, max-image-preview:large, max-video-preview:-1\" \/>\n<meta property=\"og:locale\" content=\"es_ES\" \/>\n<meta property=\"og:type\" content=\"article\" \/>\n<meta property=\"og:title\" content=\"El trencad\u00eds en la Sagrada Familia - Sagrada Familia Barcelona\" \/>\n<meta property=\"og:description\" content=\"Si hay algo por la que son conocidas las obras de Gaud\u00ed, aparte de la originalidad en sus dise\u00f1os arquitect\u00f3nicos, es por la utilizaci\u00f3n de la t\u00e9cnica del trencad\u00eds, como un homenaje a la naturaleza. A lo mejor por el nombre no sabes lo que es, pero seguro que s\u00ed te suenan esa especie de &hellip; El trencad\u00eds en la Sagrada Familia Leer m\u00e1s &raquo;\" \/>\n<meta property=\"og:url\" content=\"https:\/\/sagradafamiliaticket.org\/es\/blog-sagrada-familia\/el-trencadis-en-la-sagrada-familia\/\" \/>\n<meta property=\"og:site_name\" content=\"Sagrada Familia Barcelona\" \/>\n<meta property=\"article:published_time\" content=\"2021-05-26T08:00:00+00:00\" \/>\n<meta property=\"article:modified_time\" content=\"2021-04-29T20:32:55+00:00\" \/>\n<meta property=\"og:image\" content=\"https:\/\/sagradafamiliaticket.org\/wp-content\/uploads\/2021\/04\/trencadis.jpg\" \/>\n\t<meta property=\"og:image:width\" content=\"1024\" \/>\n\t<meta property=\"og:image:height\" content=\"488\" \/>\n\t<meta property=\"og:image:type\" content=\"image\/jpeg\" \/>\n<meta name=\"author\" content=\"Garcia\" \/>\n<meta name=\"twitter:card\" content=\"summary_large_image\" \/>\n<meta name=\"twitter:label1\" content=\"Escrito por\" \/>\n\t<meta name=\"twitter:data1\" content=\"Garcia\" \/>\n\t<meta name=\"twitter:label2\" content=\"Tiempo de lectura\" \/>\n\t<meta name=\"twitter:data2\" content=\"4 minutos\" \/>\n<script type=\"application\/ld+json\" class=\"yoast-schema-graph\">{\"@context\":\"https:\/\/schema.org\",\"@graph\":[{\"@type\":\"Article\",\"@id\":\"https:\/\/sagradafamiliaticket.org\/es\/blog-sagrada-familia\/el-trencadis-en-la-sagrada-familia\/#article\",\"isPartOf\":{\"@id\":\"https:\/\/sagradafamiliaticket.org\/es\/blog-sagrada-familia\/el-trencadis-en-la-sagrada-familia\/\"},\"author\":{\"name\":\"Garcia\",\"@id\":\"https:\/\/sagradafamilia-tickets.com\/#\/schema\/person\/23972abafba8c449b1a2910e674ba4ee\"},\"headline\":\"El trencad\u00eds en la Sagrada Familia\",\"datePublished\":\"2021-05-26T08:00:00+00:00\",\"dateModified\":\"2021-04-29T20:32:55+00:00\",\"mainEntityOfPage\":{\"@id\":\"https:\/\/sagradafamiliaticket.org\/es\/blog-sagrada-familia\/el-trencadis-en-la-sagrada-familia\/\"},\"wordCount\":924,\"commentCount\":0,\"publisher\":{\"@id\":\"https:\/\/sagradafamilia-tickets.com\/#organization\"},\"articleSection\":[\"Blog de la Sagrada Familia\"],\"inLanguage\":\"es\",\"potentialAction\":[{\"@type\":\"CommentAction\",\"name\":\"Comment\",\"target\":[\"https:\/\/sagradafamiliaticket.org\/es\/blog-sagrada-familia\/el-trencadis-en-la-sagrada-familia\/#respond\"]}]},{\"@type\":\"WebPage\",\"@id\":\"https:\/\/sagradafamiliaticket.org\/es\/blog-sagrada-familia\/el-trencadis-en-la-sagrada-familia\/\",\"url\":\"https:\/\/sagradafamiliaticket.org\/es\/blog-sagrada-familia\/el-trencadis-en-la-sagrada-familia\/\",\"name\":\"El trencad\u00eds en la Sagrada Familia - Sagrada Familia Barcelona\",\"isPartOf\":{\"@id\":\"https:\/\/sagradafamilia-tickets.com\/#website\"},\"datePublished\":\"2021-05-26T08:00:00+00:00\",\"dateModified\":\"2021-04-29T20:32:55+00:00\",\"breadcrumb\":{\"@id\":\"https:\/\/sagradafamiliaticket.org\/es\/blog-sagrada-familia\/el-trencadis-en-la-sagrada-familia\/#breadcrumb\"},\"inLanguage\":\"es\",\"potentialAction\":[{\"@type\":\"ReadAction\",\"target\":[\"https:\/\/sagradafamiliaticket.org\/es\/blog-sagrada-familia\/el-trencadis-en-la-sagrada-familia\/\"]}]},{\"@type\":\"BreadcrumbList\",\"@id\":\"https:\/\/sagradafamiliaticket.org\/es\/blog-sagrada-familia\/el-trencadis-en-la-sagrada-familia\/#breadcrumb\",\"itemListElement\":[{\"@type\":\"ListItem\",\"position\":1,\"name\":\"Home\",\"item\":\"https:\/\/sagradafamilia-tickets.com\/\"},{\"@type\":\"ListItem\",\"position\":2,\"name\":\"El trencad\u00eds en la Sagrada Familia\"}]},{\"@type\":\"WebSite\",\"@id\":\"https:\/\/sagradafamilia-tickets.com\/#website\",\"url\":\"https:\/\/sagradafamilia-tickets.com\/\",\"name\":\"Sagrada Familia Barcelona\",\"description\":\"Book Your Tickets &amp; Tours\",\"publisher\":{\"@id\":\"https:\/\/sagradafamilia-tickets.com\/#organization\"},\"potentialAction\":[{\"@type\":\"SearchAction\",\"target\":{\"@type\":\"EntryPoint\",\"urlTemplate\":\"https:\/\/sagradafamilia-tickets.com\/?s={search_term_string}\"},\"query-input\":\"required name=search_term_string\"}],\"inLanguage\":\"es\"},{\"@type\":\"Organization\",\"@id\":\"https:\/\/sagradafamilia-tickets.com\/#organization\",\"name\":\"Sagrada Familia Barcelona\",\"url\":\"https:\/\/sagradafamilia-tickets.com\/\",\"logo\":{\"@type\":\"ImageObject\",\"inLanguage\":\"es\",\"@id\":\"https:\/\/sagradafamilia-tickets.com\/#\/schema\/logo\/image\/\",\"url\":\"https:\/\/sagradafamilia-tickets.com\/wp-content\/uploads\/2022\/08\/Sagrada-Familia-Tick.png\",\"contentUrl\":\"https:\/\/sagradafamilia-tickets.com\/wp-content\/uploads\/2022\/08\/Sagrada-Familia-Tick.png\",\"width\":526,\"height\":50,\"caption\":\"Sagrada Familia Barcelona\"},\"image\":{\"@id\":\"https:\/\/sagradafamilia-tickets.com\/#\/schema\/logo\/image\/\"}},{\"@type\":\"Person\",\"@id\":\"https:\/\/sagradafamilia-tickets.com\/#\/schema\/person\/23972abafba8c449b1a2910e674ba4ee\",\"name\":\"Garcia\",\"image\":{\"@type\":\"ImageObject\",\"inLanguage\":\"es\",\"@id\":\"https:\/\/sagradafamilia-tickets.com\/#\/schema\/person\/image\/\",\"url\":\"https:\/\/secure.gravatar.com\/avatar\/c18a9f903b74d59a1d3e1d78cb040b3e?s=96&d=mm&r=g\",\"contentUrl\":\"https:\/\/secure.gravatar.com\/avatar\/c18a9f903b74d59a1d3e1d78cb040b3e?s=96&d=mm&r=g\",\"caption\":\"Garcia\"}}]}<\/script>\n<!-- \/ Yoast SEO plugin. -->","yoast_head_json":{"title":"El trencad\u00eds en la Sagrada Familia - Sagrada Familia Barcelona","robots":{"index":"noindex","follow":"follow","max-snippet":"max-snippet:-1","max-image-preview":"max-image-preview:large","max-video-preview":"max-video-preview:-1"},"og_locale":"es_ES","og_type":"article","og_title":"El trencad\u00eds en la Sagrada Familia - Sagrada Familia Barcelona","og_description":"Si hay algo por la que son conocidas las obras de Gaud\u00ed, aparte de la originalidad en sus dise\u00f1os arquitect\u00f3nicos, es por la utilizaci\u00f3n de la t\u00e9cnica del trencad\u00eds, como un homenaje a la naturaleza. A lo mejor por el nombre no sabes lo que es, pero seguro que s\u00ed te suenan esa especie de &hellip; El trencad\u00eds en la Sagrada Familia Leer m\u00e1s &raquo;","og_url":"https:\/\/sagradafamiliaticket.org\/es\/blog-sagrada-familia\/el-trencadis-en-la-sagrada-familia\/","og_site_name":"Sagrada Familia Barcelona","article_published_time":"2021-05-26T08:00:00+00:00","article_modified_time":"2021-04-29T20:32:55+00:00","og_image":[{"width":1024,"height":488,"url":"https:\/\/sagradafamiliaticket.org\/wp-content\/uploads\/2021\/04\/trencadis.jpg","type":"image\/jpeg"}],"author":"Garcia","twitter_card":"summary_large_image","twitter_misc":{"Escrito por":"Garcia","Tiempo de lectura":"4 minutos"},"schema":{"@context":"https:\/\/schema.org","@graph":[{"@type":"Article","@id":"https:\/\/sagradafamiliaticket.org\/es\/blog-sagrada-familia\/el-trencadis-en-la-sagrada-familia\/#article","isPartOf":{"@id":"https:\/\/sagradafamiliaticket.org\/es\/blog-sagrada-familia\/el-trencadis-en-la-sagrada-familia\/"},"author":{"name":"Garcia","@id":"https:\/\/sagradafamilia-tickets.com\/#\/schema\/person\/23972abafba8c449b1a2910e674ba4ee"},"headline":"El trencad\u00eds en la Sagrada Familia","datePublished":"2021-05-26T08:00:00+00:00","dateModified":"2021-04-29T20:32:55+00:00","mainEntityOfPage":{"@id":"https:\/\/sagradafamiliaticket.org\/es\/blog-sagrada-familia\/el-trencadis-en-la-sagrada-familia\/"},"wordCount":924,"commentCount":0,"publisher":{"@id":"https:\/\/sagradafamilia-tickets.com\/#organization"},"articleSection":["Blog de la Sagrada Familia"],"inLanguage":"es","potentialAction":[{"@type":"CommentAction","name":"Comment","target":["https:\/\/sagradafamiliaticket.org\/es\/blog-sagrada-familia\/el-trencadis-en-la-sagrada-familia\/#respond"]}]},{"@type":"WebPage","@id":"https:\/\/sagradafamiliaticket.org\/es\/blog-sagrada-familia\/el-trencadis-en-la-sagrada-familia\/","url":"https:\/\/sagradafamiliaticket.org\/es\/blog-sagrada-familia\/el-trencadis-en-la-sagrada-familia\/","name":"El trencad\u00eds en la Sagrada Familia - Sagrada Familia Barcelona","isPartOf":{"@id":"https:\/\/sagradafamilia-tickets.com\/#website"},"datePublished":"2021-05-26T08:00:00+00:00","dateModified":"2021-04-29T20:32:55+00:00","breadcrumb":{"@id":"https:\/\/sagradafamiliaticket.org\/es\/blog-sagrada-familia\/el-trencadis-en-la-sagrada-familia\/#breadcrumb"},"inLanguage":"es","potentialAction":[{"@type":"ReadAction","target":["https:\/\/sagradafamiliaticket.org\/es\/blog-sagrada-familia\/el-trencadis-en-la-sagrada-familia\/"]}]},{"@type":"BreadcrumbList","@id":"https:\/\/sagradafamiliaticket.org\/es\/blog-sagrada-familia\/el-trencadis-en-la-sagrada-familia\/#breadcrumb","itemListElement":[{"@type":"ListItem","position":1,"name":"Home","item":"https:\/\/sagradafamilia-tickets.com\/"},{"@type":"ListItem","position":2,"name":"El trencad\u00eds en la Sagrada Familia"}]},{"@type":"WebSite","@id":"https:\/\/sagradafamilia-tickets.com\/#website","url":"https:\/\/sagradafamilia-tickets.com\/","name":"Sagrada Familia Barcelona","description":"Book Your Tickets &amp; Tours","publisher":{"@id":"https:\/\/sagradafamilia-tickets.com\/#organization"},"potentialAction":[{"@type":"SearchAction","target":{"@type":"EntryPoint","urlTemplate":"https:\/\/sagradafamilia-tickets.com\/?s={search_term_string}"},"query-input":"required name=search_term_string"}],"inLanguage":"es"},{"@type":"Organization","@id":"https:\/\/sagradafamilia-tickets.com\/#organization","name":"Sagrada Familia Barcelona","url":"https:\/\/sagradafamilia-tickets.com\/","logo":{"@type":"ImageObject","inLanguage":"es","@id":"https:\/\/sagradafamilia-tickets.com\/#\/schema\/logo\/image\/","url":"https:\/\/sagradafamilia-tickets.com\/wp-content\/uploads\/2022\/08\/Sagrada-Familia-Tick.png","contentUrl":"https:\/\/sagradafamilia-tickets.com\/wp-content\/uploads\/2022\/08\/Sagrada-Familia-Tick.png","width":526,"height":50,"caption":"Sagrada Familia Barcelona"},"image":{"@id":"https:\/\/sagradafamilia-tickets.com\/#\/schema\/logo\/image\/"}},{"@type":"Person","@id":"https:\/\/sagradafamilia-tickets.com\/#\/schema\/person\/23972abafba8c449b1a2910e674ba4ee","name":"Garcia","image":{"@type":"ImageObject","inLanguage":"es","@id":"https:\/\/sagradafamilia-tickets.com\/#\/schema\/person\/image\/","url":"https:\/\/secure.gravatar.com\/avatar\/c18a9f903b74d59a1d3e1d78cb040b3e?s=96&d=mm&r=g","contentUrl":"https:\/\/secure.gravatar.com\/avatar\/c18a9f903b74d59a1d3e1d78cb040b3e?s=96&d=mm&r=g","caption":"Garcia"}}]}},"_links":{"self":[{"href":"https:\/\/sagradafamilia-tickets.com\/es\/wp-json\/wp\/v2\/posts\/5301"}],"collection":[{"href":"https:\/\/sagradafamilia-tickets.com\/es\/wp-json\/wp\/v2\/posts"}],"about":[{"href":"https:\/\/sagradafamilia-tickets.com\/es\/wp-json\/wp\/v2\/types\/post"}],"author":[{"embeddable":true,"href":"https:\/\/sagradafamilia-tickets.com\/es\/wp-json\/wp\/v2\/users\/3"}],"replies":[{"embeddable":true,"href":"https:\/\/sagradafamilia-tickets.com\/es\/wp-json\/wp\/v2\/comments?post=5301"}],"version-history":[{"count":2,"href":"https:\/\/sagradafamilia-tickets.com\/es\/wp-json\/wp\/v2\/posts\/5301\/revisions"}],"predecessor-version":[{"id":12822,"href":"https:\/\/sagradafamilia-tickets.com\/es\/wp-json\/wp\/v2\/posts\/5301\/revisions\/12822"}],"wp:featuredmedia":[{"embeddable":true,"href":"https:\/\/sagradafamilia-tickets.com\/es\/wp-json\/wp\/v2\/media\/5302"}],"wp:attachment":[{"href":"https:\/\/sagradafamilia-tickets.com\/es\/wp-json\/wp\/v2\/media?parent=5301"}],"wp:term":[{"taxonomy":"category","embeddable":true,"href":"https:\/\/sagradafamilia-tickets.com\/es\/wp-json\/wp\/v2\/categories?post=5301"},{"taxonomy":"post_tag","embeddable":true,"href":"https:\/\/sagradafamilia-tickets.com\/es\/wp-json\/wp\/v2\/tags?post=5301"}],"curies":[{"name":"wp","href":"https:\/\/api.w.org\/{rel}","templated":true}]}}