{"id":5293,"date":"2021-05-19T09:00:42","date_gmt":"2021-05-19T08:00:42","guid":{"rendered":"https:\/\/sagradafamilia-tickets.com\/?p=5293"},"modified":"2021-04-29T21:24:32","modified_gmt":"2021-04-29T20:24:32","slug":"la-evolucion-de-la-sagrada-familia","status":"publish","type":"post","link":"https:\/\/sagradafamilia-tickets.com\/es\/blog-sagrada-familia\/la-evolucion-de-la-sagrada-familia\/","title":{"rendered":"La evoluci\u00f3n de la Sagrada Familia"},"content":{"rendered":"<p><span style=\"font-weight: 400;\">Barcelona, 1872, un librero llamado Josep Mar\u00eda Bocabella, adquiere un local en el Ensanche con la intenci\u00f3n de construir un templo expiatorio&#8230; 149 a\u00f1os m\u00e1s tarde, y despu\u00e9s de numerosos <\/span><b>cambios en la Sagrada Familia<\/b><span style=\"font-weight: 400;\">, sus torres empiezan a destacar en el <\/span><i><span style=\"font-weight: 400;\">skyline<\/span><\/i><span style=\"font-weight: 400;\"> de la Ciudad Condal.<\/span><\/p>\n<p><span style=\"font-weight: 400;\">Despu\u00e9s de 15 d\u00e9cadas, numerosas generaciones han hecho posible que la Sagrada Familia siga creciendo y gracias a ello, cada vez que un barcelon\u00e9s mira al cielo, contempla c\u00f3mo sus torres crecen un poquito m\u00e1s cada d\u00eda. Pero, para que se haya podido llegar a esto, ha sido necesaria una <\/span><b>evoluci\u00f3n de la Sagrada Familia constante.<\/b><span style=\"font-weight: 400;\"> Esta es su historia y as\u00ed es c\u00f3mo har\u00e1 cambiar el <\/span><i><span style=\"font-weight: 400;\">skyline<\/span><\/i><span style=\"font-weight: 400;\"> de Barcelona.<\/span><\/p>\n<h2><b>C\u00f3mo un tranv\u00eda es el principal responsable de los cambios de la Sagrada Familia<\/b><\/h2>\n<p><b>Gaud\u00ed no fue el primer arquitecto pensado para la Sagrada Familia<\/b><span style=\"font-weight: 400;\">, pero debido a avatares del destino, al a\u00f1o siguiente del inicio de las obras, se le encomend\u00f3 la direcci\u00f3n y la realizaci\u00f3n de un ajuste del dise\u00f1o en funci\u00f3n del proyecto original realizado por Francisco de Paula Villar.<\/span><\/p>\n<p><span style=\"font-weight: 400;\">El arquitecto ten\u00eda muy claro que se embarcaba en un proyecto complicado y que de ning\u00fan modo iba a verlo finalizado. Por ello, hizo todo lo posible para dejar <\/span><b>toda la documentaci\u00f3n necesaria para que futuras generaciones pudieran continuar con la obra de su vida<\/b><span style=\"font-weight: 400;\">.<\/span><\/p>\n<p><span style=\"font-weight: 400;\">Y una de las decisiones m\u00e1s importantes que tom\u00f3 fue c\u00f3mo deb\u00eda de empezar a construirlo para que los futuros directores de las obras tuvieran una referencia clara. <\/span><b>Y opt\u00f3 por empezar la construcci\u00f3n del templo por la fachada del Nacimiento<\/b><span style=\"font-weight: 400;\">, quiz\u00e1s la m\u00e1s alegre de todas, al objeto de provocar los donativos necesarios para la continuaci\u00f3n de las obras.<\/span><\/p>\n<p><span style=\"font-weight: 400;\">En 1925, se finaliza la construcci\u00f3n de la torre de San Bernab\u00e9, <\/span><b>la \u00fanica que vio Gaud\u00ed finalizada en vida<\/b><span style=\"font-weight: 400;\">, ya que un a\u00f1o m\u00e1s tarde muri\u00f3 como consecuencia del atropello de un tranv\u00eda en las calles de Barcelona.<\/span><\/p>\n<h2><b>La evoluci\u00f3n de la Sagrada Familia y c\u00f3mo ha modificado el <\/b><b><i>skyline<\/i><\/b><b> de Barcelona<\/b><\/h2>\n<p><span style=\"font-weight: 400;\">Desde 1925, las torres de la Sagrada Familia <\/span><b>ocupan un lugar muy significativo en el <\/b><b><i>skyline<\/i><\/b><b> de la Ciudad Condal<\/b><span style=\"font-weight: 400;\"> con sus 107 m de altura. Su construcci\u00f3n, que dur\u00f3 m\u00e1s de 40 a\u00f1os, fue realizada colocando piedra sobre piedra, para acabar con revestimiento de mamposter\u00eda.<\/span><\/p>\n<p><span style=\"font-weight: 400;\">Esto era muy habitual como soluci\u00f3n constructiva a principios del siglo XX y con el paso de los a\u00f1os, los <\/span><b>cambios de la Sagrada Familia con respecto a su ejecuci\u00f3n fueron evolucionando<\/b><span style=\"font-weight: 400;\"> y dieron paso al cemento y al hormig\u00f3n. En el a\u00f1o 1977 se finalizaron las torres de la fachada de la Pasi\u00f3n, estando construidas con hormig\u00f3n armado a base de cemento Portland.<\/span><\/p>\n<p><span style=\"font-weight: 400;\">Tras varios a\u00f1os en los que la <\/span><b>evoluci\u00f3n de la Sagrada Familia<\/b><span style=\"font-weight: 400;\"> se centraba en la construcci\u00f3n de las naves laterales y todos los elementos de la nave principal, en 2014 se empiezan a levantar las torres de los Evangelistas y las dos centrales, una dedicada a la Virgen Mar\u00eda y la otra a Jes\u00fas.<\/span><\/p>\n<p><span style=\"font-weight: 400;\">En tan solo 6 a\u00f1os, gracias a las t\u00e9cnicas constructivas modernas, las dos torres centrales superan en altura a las de la fachada de la Natividad y la Pasi\u00f3n, siendo ya, <\/span><b>una de las construcciones m\u00e1s altas de Barcelona.<\/b><\/p>\n<p><img loading=\"lazy\" class=\"alignnone size-full wp-image-5298\" src=\"https:\/\/sagradafamilia-tickets.com\/wp-content\/uploads\/2021\/04\/pexels-whicdhemein-one-4577100.jpg\" alt=\"\" width=\"640\" height=\"853\" srcset=\"https:\/\/sagradafamilia-tickets.com\/wp-content\/uploads\/2021\/04\/pexels-whicdhemein-one-4577100.jpg 640w, https:\/\/sagradafamilia-tickets.com\/wp-content\/uploads\/2021\/04\/pexels-whicdhemein-one-4577100-225x300.jpg 225w, https:\/\/sagradafamilia-tickets.com\/wp-content\/uploads\/2021\/04\/pexels-whicdhemein-one-4577100-600x800.jpg 600w\" sizes=\"(max-width: 640px) 100vw, 640px\" \/><\/p>\n<h2><b>Estado actual de la Sagrada Familia<\/b><\/h2>\n<p><span style=\"font-weight: 400;\">Pese a que se est\u00e1n haciendo todos los esfuerzos para finalizar el templo en el 2026, a\u00f1o en que se conmemora el centenario de la muerte de Gaud\u00ed, al d\u00eda de hoy no se conf\u00eda mucho en que pueda llevarse a cabo, seg\u00fan opini\u00f3n del director actual de las obras, el arquitecto Jordi Faul\u00ed.<\/span><\/p>\n<p><span style=\"font-weight: 400;\">La raz\u00f3n principal es el <\/span><b>retraso ocasionado por la financiaci\u00f3n del templo<\/b><span style=\"font-weight: 400;\">. Al ser de car\u00e1cter expiatorio, el dinero solo puede venir por parte de las donaciones y de la recaudaci\u00f3n de las entradas a la bas\u00edlica. Debido al Covid-19, ha habido una importante disminuci\u00f3n en la venta de entradas, estimadas en un 94% de los turistas extranjeros, condicionando mucho la velocidad de las obras actuales.<\/span><\/p>\n<p><span style=\"font-weight: 400;\">En la actualidad, se est\u00e1n acometiendo las obras de la sacrist\u00eda del Nacimiento y de la capilla de la Asunci\u00f3n. Al mismo tiempo, se est\u00e1n iniciando las obras de la \u00faltima fachada que queda por construir, la de la Gloria.<\/span><\/p>\n<p><span style=\"font-weight: 400;\">Mientras tanto, las 6 torres centrales se siguen levantando d\u00eda a d\u00eda, estimando su finalizaci\u00f3n en el 2022. Y cuando esto suceda, la torre de Jes\u00fas, con sus 172,5 m de altura, <\/span><b>tendr\u00e1 el honor de ser el elemento constructivo m\u00e1s alto<\/b><span style=\"font-weight: 400;\"> de Barcelona y con \u00e9l, la Sagrada Familia ser\u00e1, al mismo tiempo, la iglesia m\u00e1s alta del mundo.<\/span><\/p>\n<p><span style=\"font-weight: 400;\">Y no podemos finalizar todo este recorrido sin destacar que, gracias a los <\/span><b>cambios de la Sagrada Familia<\/b><span style=\"font-weight: 400;\"> que suceder\u00e1n en los pr\u00f3ximos 2 a\u00f1os, provocar\u00e1n un importante cambio en el <\/span><i><span style=\"font-weight: 400;\">skyline<\/span><\/i><span style=\"font-weight: 400;\"> barcelon\u00e9s. Tanto la torre de Jes\u00fas, como la de la Virgen Mar\u00eda, ostentar\u00e1n el primer y segundo puesto respectivamente en el ranking de altura de la Ciudad Condal. Le seguir\u00e1n los edificios de la Torre Mapfre y la Torre Arts, con 154 m de altura. En 5\u00ba puesto, estar\u00e1 la famosa Torre Agbar, con 144 m y a continuaci\u00f3n, las 4 torres de los Evangelistas, que har\u00e1n bajar de ranking al H\u00e1bitat Sky, con 120 m de altura.<\/span><\/p>\n","protected":false},"excerpt":{"rendered":"<p>Barcelona, 1872, un librero llamado Josep Mar\u00eda Bocabella, adquiere un local en el Ensanche con la intenci\u00f3n de construir un templo expiatorio&#8230; 149 a\u00f1os m\u00e1s tarde, y despu\u00e9s de numerosos cambios en la Sagrada Familia, sus torres empiezan a destacar en el skyline de la Ciudad Condal. Despu\u00e9s de 15 d\u00e9cadas, numerosas generaciones han hecho &hellip;<\/p>\n<p class=\"read-more\"> <a class=\"\" href=\"https:\/\/sagradafamilia-tickets.com\/es\/blog-sagrada-familia\/la-evolucion-de-la-sagrada-familia\/\"> <span class=\"screen-reader-text\">La evoluci\u00f3n de la Sagrada Familia<\/span> Leer m\u00e1s &raquo;<\/a><\/p>\n","protected":false},"author":3,"featured_media":5296,"comment_status":"open","ping_status":"open","sticky":false,"template":"","format":"standard","meta":{"site-sidebar-layout":"default","site-content-layout":"default","ast-global-header-display":"","ast-main-header-display":"","ast-hfb-above-header-display":"","ast-hfb-below-header-display":"","ast-hfb-mobile-header-display":"","site-post-title":"","ast-breadcrumbs-content":"","ast-featured-img":"","footer-sml-layout":"","theme-transparent-header-meta":"default","adv-header-id-meta":"","stick-header-meta":"","header-above-stick-meta":"","header-main-stick-meta":"","header-below-stick-meta":""},"categories":[59],"tags":[],"yoast_head":"<!-- This site is optimized with the Yoast SEO plugin v20.4 - https:\/\/yoast.com\/wordpress\/plugins\/seo\/ -->\n<title>La evoluci\u00f3n de la Sagrada Familia - Sagrada Familia Barcelona<\/title>\n<meta name=\"robots\" content=\"noindex, follow, max-snippet:-1, max-image-preview:large, max-video-preview:-1\" \/>\n<meta property=\"og:locale\" content=\"es_ES\" \/>\n<meta property=\"og:type\" content=\"article\" \/>\n<meta property=\"og:title\" content=\"La evoluci\u00f3n de la Sagrada Familia - Sagrada Familia Barcelona\" \/>\n<meta property=\"og:description\" content=\"Barcelona, 1872, un librero llamado Josep Mar\u00eda Bocabella, adquiere un local en el Ensanche con la intenci\u00f3n de construir un templo expiatorio&#8230; 149 a\u00f1os m\u00e1s tarde, y despu\u00e9s de numerosos cambios en la Sagrada Familia, sus torres empiezan a destacar en el skyline de la Ciudad Condal. Despu\u00e9s de 15 d\u00e9cadas, numerosas generaciones han hecho &hellip; La evoluci\u00f3n de la Sagrada Familia Leer m\u00e1s &raquo;\" \/>\n<meta property=\"og:url\" content=\"https:\/\/sagradafamiliaticket.org\/es\/blog-sagrada-familia\/la-evolucion-de-la-sagrada-familia\/\" \/>\n<meta property=\"og:site_name\" content=\"Sagrada Familia Barcelona\" \/>\n<meta property=\"article:published_time\" content=\"2021-05-19T08:00:42+00:00\" \/>\n<meta property=\"article:modified_time\" content=\"2021-04-29T20:24:32+00:00\" \/>\n<meta property=\"og:image\" content=\"https:\/\/sagradafamiliaticket.org\/wp-content\/uploads\/2021\/04\/pexels-aleksandar-pasaric-1386444.jpg\" \/>\n\t<meta property=\"og:image:width\" content=\"1280\" \/>\n\t<meta property=\"og:image:height\" content=\"853\" \/>\n\t<meta property=\"og:image:type\" content=\"image\/jpeg\" \/>\n<meta name=\"author\" content=\"Garcia\" \/>\n<meta name=\"twitter:card\" content=\"summary_large_image\" \/>\n<meta name=\"twitter:label1\" content=\"Escrito por\" \/>\n\t<meta name=\"twitter:data1\" content=\"Garcia\" \/>\n\t<meta name=\"twitter:label2\" content=\"Tiempo de lectura\" \/>\n\t<meta name=\"twitter:data2\" content=\"5 minutos\" \/>\n<script type=\"application\/ld+json\" class=\"yoast-schema-graph\">{\"@context\":\"https:\/\/schema.org\",\"@graph\":[{\"@type\":\"Article\",\"@id\":\"https:\/\/sagradafamiliaticket.org\/es\/blog-sagrada-familia\/la-evolucion-de-la-sagrada-familia\/#article\",\"isPartOf\":{\"@id\":\"https:\/\/sagradafamiliaticket.org\/es\/blog-sagrada-familia\/la-evolucion-de-la-sagrada-familia\/\"},\"author\":{\"name\":\"Garcia\",\"@id\":\"https:\/\/sagradafamilia-tickets.com\/#\/schema\/person\/23972abafba8c449b1a2910e674ba4ee\"},\"headline\":\"La evoluci\u00f3n de la Sagrada Familia\",\"datePublished\":\"2021-05-19T08:00:42+00:00\",\"dateModified\":\"2021-04-29T20:24:32+00:00\",\"mainEntityOfPage\":{\"@id\":\"https:\/\/sagradafamiliaticket.org\/es\/blog-sagrada-familia\/la-evolucion-de-la-sagrada-familia\/\"},\"wordCount\":954,\"commentCount\":0,\"publisher\":{\"@id\":\"https:\/\/sagradafamilia-tickets.com\/#organization\"},\"articleSection\":[\"Blog de la Sagrada Familia\"],\"inLanguage\":\"es\",\"potentialAction\":[{\"@type\":\"CommentAction\",\"name\":\"Comment\",\"target\":[\"https:\/\/sagradafamiliaticket.org\/es\/blog-sagrada-familia\/la-evolucion-de-la-sagrada-familia\/#respond\"]}]},{\"@type\":\"WebPage\",\"@id\":\"https:\/\/sagradafamiliaticket.org\/es\/blog-sagrada-familia\/la-evolucion-de-la-sagrada-familia\/\",\"url\":\"https:\/\/sagradafamiliaticket.org\/es\/blog-sagrada-familia\/la-evolucion-de-la-sagrada-familia\/\",\"name\":\"La evoluci\u00f3n de la Sagrada Familia - Sagrada Familia Barcelona\",\"isPartOf\":{\"@id\":\"https:\/\/sagradafamilia-tickets.com\/#website\"},\"datePublished\":\"2021-05-19T08:00:42+00:00\",\"dateModified\":\"2021-04-29T20:24:32+00:00\",\"breadcrumb\":{\"@id\":\"https:\/\/sagradafamiliaticket.org\/es\/blog-sagrada-familia\/la-evolucion-de-la-sagrada-familia\/#breadcrumb\"},\"inLanguage\":\"es\",\"potentialAction\":[{\"@type\":\"ReadAction\",\"target\":[\"https:\/\/sagradafamiliaticket.org\/es\/blog-sagrada-familia\/la-evolucion-de-la-sagrada-familia\/\"]}]},{\"@type\":\"BreadcrumbList\",\"@id\":\"https:\/\/sagradafamiliaticket.org\/es\/blog-sagrada-familia\/la-evolucion-de-la-sagrada-familia\/#breadcrumb\",\"itemListElement\":[{\"@type\":\"ListItem\",\"position\":1,\"name\":\"Home\",\"item\":\"https:\/\/sagradafamilia-tickets.com\/\"},{\"@type\":\"ListItem\",\"position\":2,\"name\":\"La evoluci\u00f3n de la Sagrada Familia\"}]},{\"@type\":\"WebSite\",\"@id\":\"https:\/\/sagradafamilia-tickets.com\/#website\",\"url\":\"https:\/\/sagradafamilia-tickets.com\/\",\"name\":\"Sagrada Familia Barcelona\",\"description\":\"Book Your Tickets &amp; Tours\",\"publisher\":{\"@id\":\"https:\/\/sagradafamilia-tickets.com\/#organization\"},\"potentialAction\":[{\"@type\":\"SearchAction\",\"target\":{\"@type\":\"EntryPoint\",\"urlTemplate\":\"https:\/\/sagradafamilia-tickets.com\/?s={search_term_string}\"},\"query-input\":\"required name=search_term_string\"}],\"inLanguage\":\"es\"},{\"@type\":\"Organization\",\"@id\":\"https:\/\/sagradafamilia-tickets.com\/#organization\",\"name\":\"Sagrada Familia Barcelona\",\"url\":\"https:\/\/sagradafamilia-tickets.com\/\",\"logo\":{\"@type\":\"ImageObject\",\"inLanguage\":\"es\",\"@id\":\"https:\/\/sagradafamilia-tickets.com\/#\/schema\/logo\/image\/\",\"url\":\"https:\/\/sagradafamilia-tickets.com\/wp-content\/uploads\/2022\/08\/Sagrada-Familia-Tick.png\",\"contentUrl\":\"https:\/\/sagradafamilia-tickets.com\/wp-content\/uploads\/2022\/08\/Sagrada-Familia-Tick.png\",\"width\":526,\"height\":50,\"caption\":\"Sagrada Familia Barcelona\"},\"image\":{\"@id\":\"https:\/\/sagradafamilia-tickets.com\/#\/schema\/logo\/image\/\"}},{\"@type\":\"Person\",\"@id\":\"https:\/\/sagradafamilia-tickets.com\/#\/schema\/person\/23972abafba8c449b1a2910e674ba4ee\",\"name\":\"Garcia\",\"image\":{\"@type\":\"ImageObject\",\"inLanguage\":\"es\",\"@id\":\"https:\/\/sagradafamilia-tickets.com\/#\/schema\/person\/image\/\",\"url\":\"https:\/\/secure.gravatar.com\/avatar\/c18a9f903b74d59a1d3e1d78cb040b3e?s=96&d=mm&r=g\",\"contentUrl\":\"https:\/\/secure.gravatar.com\/avatar\/c18a9f903b74d59a1d3e1d78cb040b3e?s=96&d=mm&r=g\",\"caption\":\"Garcia\"}}]}<\/script>\n<!-- \/ Yoast SEO plugin. -->","yoast_head_json":{"title":"La evoluci\u00f3n de la Sagrada Familia - Sagrada Familia Barcelona","robots":{"index":"noindex","follow":"follow","max-snippet":"max-snippet:-1","max-image-preview":"max-image-preview:large","max-video-preview":"max-video-preview:-1"},"og_locale":"es_ES","og_type":"article","og_title":"La evoluci\u00f3n de la Sagrada Familia - Sagrada Familia Barcelona","og_description":"Barcelona, 1872, un librero llamado Josep Mar\u00eda Bocabella, adquiere un local en el Ensanche con la intenci\u00f3n de construir un templo expiatorio&#8230; 149 a\u00f1os m\u00e1s tarde, y despu\u00e9s de numerosos cambios en la Sagrada Familia, sus torres empiezan a destacar en el skyline de la Ciudad Condal. Despu\u00e9s de 15 d\u00e9cadas, numerosas generaciones han hecho &hellip; La evoluci\u00f3n de la Sagrada Familia Leer m\u00e1s &raquo;","og_url":"https:\/\/sagradafamiliaticket.org\/es\/blog-sagrada-familia\/la-evolucion-de-la-sagrada-familia\/","og_site_name":"Sagrada Familia Barcelona","article_published_time":"2021-05-19T08:00:42+00:00","article_modified_time":"2021-04-29T20:24:32+00:00","og_image":[{"width":1280,"height":853,"url":"https:\/\/sagradafamiliaticket.org\/wp-content\/uploads\/2021\/04\/pexels-aleksandar-pasaric-1386444.jpg","type":"image\/jpeg"}],"author":"Garcia","twitter_card":"summary_large_image","twitter_misc":{"Escrito por":"Garcia","Tiempo de lectura":"5 minutos"},"schema":{"@context":"https:\/\/schema.org","@graph":[{"@type":"Article","@id":"https:\/\/sagradafamiliaticket.org\/es\/blog-sagrada-familia\/la-evolucion-de-la-sagrada-familia\/#article","isPartOf":{"@id":"https:\/\/sagradafamiliaticket.org\/es\/blog-sagrada-familia\/la-evolucion-de-la-sagrada-familia\/"},"author":{"name":"Garcia","@id":"https:\/\/sagradafamilia-tickets.com\/#\/schema\/person\/23972abafba8c449b1a2910e674ba4ee"},"headline":"La evoluci\u00f3n de la Sagrada Familia","datePublished":"2021-05-19T08:00:42+00:00","dateModified":"2021-04-29T20:24:32+00:00","mainEntityOfPage":{"@id":"https:\/\/sagradafamiliaticket.org\/es\/blog-sagrada-familia\/la-evolucion-de-la-sagrada-familia\/"},"wordCount":954,"commentCount":0,"publisher":{"@id":"https:\/\/sagradafamilia-tickets.com\/#organization"},"articleSection":["Blog de la Sagrada Familia"],"inLanguage":"es","potentialAction":[{"@type":"CommentAction","name":"Comment","target":["https:\/\/sagradafamiliaticket.org\/es\/blog-sagrada-familia\/la-evolucion-de-la-sagrada-familia\/#respond"]}]},{"@type":"WebPage","@id":"https:\/\/sagradafamiliaticket.org\/es\/blog-sagrada-familia\/la-evolucion-de-la-sagrada-familia\/","url":"https:\/\/sagradafamiliaticket.org\/es\/blog-sagrada-familia\/la-evolucion-de-la-sagrada-familia\/","name":"La evoluci\u00f3n de la Sagrada Familia - Sagrada Familia Barcelona","isPartOf":{"@id":"https:\/\/sagradafamilia-tickets.com\/#website"},"datePublished":"2021-05-19T08:00:42+00:00","dateModified":"2021-04-29T20:24:32+00:00","breadcrumb":{"@id":"https:\/\/sagradafamiliaticket.org\/es\/blog-sagrada-familia\/la-evolucion-de-la-sagrada-familia\/#breadcrumb"},"inLanguage":"es","potentialAction":[{"@type":"ReadAction","target":["https:\/\/sagradafamiliaticket.org\/es\/blog-sagrada-familia\/la-evolucion-de-la-sagrada-familia\/"]}]},{"@type":"BreadcrumbList","@id":"https:\/\/sagradafamiliaticket.org\/es\/blog-sagrada-familia\/la-evolucion-de-la-sagrada-familia\/#breadcrumb","itemListElement":[{"@type":"ListItem","position":1,"name":"Home","item":"https:\/\/sagradafamilia-tickets.com\/"},{"@type":"ListItem","position":2,"name":"La evoluci\u00f3n de la Sagrada Familia"}]},{"@type":"WebSite","@id":"https:\/\/sagradafamilia-tickets.com\/#website","url":"https:\/\/sagradafamilia-tickets.com\/","name":"Sagrada Familia Barcelona","description":"Book Your Tickets &amp; Tours","publisher":{"@id":"https:\/\/sagradafamilia-tickets.com\/#organization"},"potentialAction":[{"@type":"SearchAction","target":{"@type":"EntryPoint","urlTemplate":"https:\/\/sagradafamilia-tickets.com\/?s={search_term_string}"},"query-input":"required name=search_term_string"}],"inLanguage":"es"},{"@type":"Organization","@id":"https:\/\/sagradafamilia-tickets.com\/#organization","name":"Sagrada Familia Barcelona","url":"https:\/\/sagradafamilia-tickets.com\/","logo":{"@type":"ImageObject","inLanguage":"es","@id":"https:\/\/sagradafamilia-tickets.com\/#\/schema\/logo\/image\/","url":"https:\/\/sagradafamilia-tickets.com\/wp-content\/uploads\/2022\/08\/Sagrada-Familia-Tick.png","contentUrl":"https:\/\/sagradafamilia-tickets.com\/wp-content\/uploads\/2022\/08\/Sagrada-Familia-Tick.png","width":526,"height":50,"caption":"Sagrada Familia Barcelona"},"image":{"@id":"https:\/\/sagradafamilia-tickets.com\/#\/schema\/logo\/image\/"}},{"@type":"Person","@id":"https:\/\/sagradafamilia-tickets.com\/#\/schema\/person\/23972abafba8c449b1a2910e674ba4ee","name":"Garcia","image":{"@type":"ImageObject","inLanguage":"es","@id":"https:\/\/sagradafamilia-tickets.com\/#\/schema\/person\/image\/","url":"https:\/\/secure.gravatar.com\/avatar\/c18a9f903b74d59a1d3e1d78cb040b3e?s=96&d=mm&r=g","contentUrl":"https:\/\/secure.gravatar.com\/avatar\/c18a9f903b74d59a1d3e1d78cb040b3e?s=96&d=mm&r=g","caption":"Garcia"}}]}},"_links":{"self":[{"href":"https:\/\/sagradafamilia-tickets.com\/es\/wp-json\/wp\/v2\/posts\/5293"}],"collection":[{"href":"https:\/\/sagradafamilia-tickets.com\/es\/wp-json\/wp\/v2\/posts"}],"about":[{"href":"https:\/\/sagradafamilia-tickets.com\/es\/wp-json\/wp\/v2\/types\/post"}],"author":[{"embeddable":true,"href":"https:\/\/sagradafamilia-tickets.com\/es\/wp-json\/wp\/v2\/users\/3"}],"replies":[{"embeddable":true,"href":"https:\/\/sagradafamilia-tickets.com\/es\/wp-json\/wp\/v2\/comments?post=5293"}],"version-history":[{"count":1,"href":"https:\/\/sagradafamilia-tickets.com\/es\/wp-json\/wp\/v2\/posts\/5293\/revisions"}],"predecessor-version":[{"id":5300,"href":"https:\/\/sagradafamilia-tickets.com\/es\/wp-json\/wp\/v2\/posts\/5293\/revisions\/5300"}],"wp:featuredmedia":[{"embeddable":true,"href":"https:\/\/sagradafamilia-tickets.com\/es\/wp-json\/wp\/v2\/media\/5296"}],"wp:attachment":[{"href":"https:\/\/sagradafamilia-tickets.com\/es\/wp-json\/wp\/v2\/media?parent=5293"}],"wp:term":[{"taxonomy":"category","embeddable":true,"href":"https:\/\/sagradafamilia-tickets.com\/es\/wp-json\/wp\/v2\/categories?post=5293"},{"taxonomy":"post_tag","embeddable":true,"href":"https:\/\/sagradafamilia-tickets.com\/es\/wp-json\/wp\/v2\/tags?post=5293"}],"curies":[{"name":"wp","href":"https:\/\/api.w.org\/{rel}","templated":true}]}}