{"id":5274,"date":"2021-05-04T09:00:41","date_gmt":"2021-05-04T08:00:41","guid":{"rendered":"https:\/\/sagradafamilia-tickets.com\/?p=5274"},"modified":"2021-04-21T16:30:12","modified_gmt":"2021-04-21T15:30:12","slug":"las-escaleras-de-caracol-de-la-sagrada-familia","status":"publish","type":"post","link":"https:\/\/sagradafamilia-tickets.com\/es\/blog-sagrada-familia\/las-escaleras-de-caracol-de-la-sagrada-familia\/","title":{"rendered":"Las escaleras de caracol de la sagrada familia"},"content":{"rendered":"<p><span style=\"font-weight: 400;\">Gaud\u00ed dise\u00f1\u00f3 la Sagrada Familia con una altura que representara el camino que debe recorrer el hombre para llegar al cielo. Para ello, dise\u00f1\u00f3 este espectacular templo y lo dot\u00f3 de una altura tal, que una vez construido, ser\u00e1 la iglesia m\u00e1s alta del mundo. Y adem\u00e1s, el hombre tendr\u00eda el placer de ascender por \u00e9l mediante las <\/span><b>escaleras de caracol de la Sagrada Familia<\/b><span style=\"font-weight: 400;\">.<\/span><\/p>\n<p><span style=\"font-weight: 400;\">Como todo elemento dise\u00f1ado por Gaud\u00ed, <\/span><b>la forma de las escaleras de caracol de la Sagrada Familia<\/b><span style=\"font-weight: 400;\"> est\u00e1n inspiradas en la naturaleza. Y para estas, la inspiraci\u00f3n fue tomada de un caracol marino denominado torrecilla. De las 18 torres dise\u00f1adas, 13 de ellas son accesibles al p\u00fablico, las 12 de los ap\u00f3stoles y la torre central, la de Jes\u00fas. Y todas ellas tienen escaleras de caracol, para que podamos estar lo m\u00e1s cerca del cielo posible.<\/span><\/p>\n<p><span style=\"font-weight: 400;\">Pero, debido a los m\u00e1s de 130 a\u00f1os que dura la construcci\u00f3n de la Sagrada Familia, <\/span><b>ha sido necesario redise\u00f1ar ciertas partes<\/b><span style=\"font-weight: 400;\"> al objeto de modernizar tanto sus soluciones constructivas, como por la necesidad de incorporar ciertos elementos modernos que a finales del siglo XIX no exist\u00edan. Como un ascensor.<\/span><\/p>\n<p><span style=\"font-weight: 400;\">Y por ello, para poder subir a la torre de Jes\u00fas, el equipo de direcci\u00f3n de las obras ha tenido que buscar soluciones que pudieran compaginar el uso de las escaleras de caracol, con un espacio interior nuevo destinado al ascensor. Esta es la historia de c\u00f3mo se ha podido llegar a la soluci\u00f3n magistral de construcci\u00f3n de las <\/span><b>escaleras de caracol de la Sagrada Familia<\/b><span style=\"font-weight: 400;\"> en la torre de Jesucristo.<\/span><\/p>\n<p><img loading=\"lazy\" class=\"alignnone size-full wp-image-5277\" src=\"https:\/\/sagradafamilia-tickets.com\/wp-content\/uploads\/2021\/04\/pexels-maria-orlova-4946712.jpg\" alt=\"\" width=\"640\" height=\"960\" srcset=\"https:\/\/sagradafamilia-tickets.com\/wp-content\/uploads\/2021\/04\/pexels-maria-orlova-4946712.jpg 640w, https:\/\/sagradafamilia-tickets.com\/wp-content\/uploads\/2021\/04\/pexels-maria-orlova-4946712-200x300.jpg 200w, https:\/\/sagradafamilia-tickets.com\/wp-content\/uploads\/2021\/04\/pexels-maria-orlova-4946712-600x900.jpg 600w\" sizes=\"(max-width: 640px) 100vw, 640px\" \/><\/p>\n<h2><b>Las escaleras de caracol de la Sagrada Familia en la torre de Jes\u00fas<\/b><\/h2>\n<p><span style=\"font-weight: 400;\">Para entender bien cu\u00e1l es la <\/span><b>forma de las escaleras de la Sagrada Familia<\/b><span style=\"font-weight: 400;\"> en la torre de Jesucristo, es necesario comprender c\u00f3mo est\u00e1 dise\u00f1ada. Y para ello, debemos diferenciar dos aspectos importantes en su construcci\u00f3n: Por un lado el exterior de la torre, y por otro, su interior, un espacio dise\u00f1ado como el camino que debe recorrer el hombre para subir al cielo.<\/span><\/p>\n<p><span style=\"font-weight: 400;\">Como consecuencia de todo ello, podemos decir que en realidad, existe una torre dentro de otra torre, y esta estar\u00e1 compuesta por un n\u00facleo formado por las <\/span><b>escaleras de caracol de la Sagrada Familia<\/b><span style=\"font-weight: 400;\"> y por un ascensor. Evidentemente, es f\u00e1cil comprender que en el momento de que la torre de Jes\u00fas fue dise\u00f1ada por Gaud\u00ed, no estaba previsto el ascensor, ya que este es un elemento moderno. Y por consiguiente, el dise\u00f1o inicial ha tenido que ser retocado, respetando al m\u00e1ximo el dise\u00f1o original de las escaleras, aunque modernizando su sistema constructivo.<\/span><\/p>\n<p><span style=\"font-weight: 400;\">La forma general de la torre interior es la de un hiperboloide, estrech\u00e1ndose en su parte central y ensanch\u00e1ndose en la superior. En su parte m\u00e1s alta, el n\u00facleo se ensancha hasta llegar a tocar la pared de la torre exterior. Como resultado de todo esto, a medida que se va ganando en altura, las escaleras de caracol se van separando del ascensor. La consecuencia de todo esto, es que en el \u00faltimo tercio del recorrido, <\/span><b>los escalones tienen que ser volados<\/b><span style=\"font-weight: 400;\"> (empotrados en el muro del n\u00facleo y suspendidos en su interior).<\/span><\/p>\n<p><span style=\"font-weight: 400;\">Por si estructuralmente esto ya presenta una cierta complejidad, hay que a\u00f1adir otro inconveniente: <\/span><b>Las aberturas que tienen los pilares interiores del n\u00facleo<\/b><span style=\"font-weight: 400;\">. Estos dejan grandes agujeros en su centro con forma de grandes arcos parab\u00f3licos de diferentes alturas, que van creciendo a medida que la torre sube en altura. Por lo que, para la construcci\u00f3n de la escalera, habr\u00e1 que solucionar las diferentes zonas que no dispongan del apoyo exterior, debido a las aberturas existentes.<\/span><\/p>\n<h2><b>La estructura de la escalera<\/b><\/h2>\n<p><span style=\"font-weight: 400;\">A la hora de plantearse la construcci\u00f3n de la torre de Jes\u00fas, hab\u00eda una premisa que era fundamental, y <\/span><b>era que fuese totalmente visitable y accesible para que el hombre pudiera llegar lo m\u00e1s cerca del cielo posible<\/b><span style=\"font-weight: 400;\">. Sin ella, toda la idea de la Sagrada Familia no tendr\u00eda objeto. Pero adem\u00e1s, hab\u00eda que construirla con piedra maciza y esto ya era un gran reto estructural, porque hab\u00eda que idear un sistema que permitiese sostener todo el peso de los escalones a lo largo de todo el recorrido.<\/span><\/p>\n<p><span style=\"font-weight: 400;\">Una de las complejidades era dar con el sistema adecuado en aquellas zonas donde era necesaria su construcci\u00f3n en voladizo, <\/span><b>ya que el propio peso de la piedra podr\u00eda provocar una inclinaci\u00f3n en los escalones<\/b><span style=\"font-weight: 400;\">. Adem\u00e1s, otra de las condiciones era que la estructura deb\u00eda ser lo m\u00e1s ligera posible para realzar la est\u00e9tica del conjunto y, al mismo tiempo, hab\u00eda que superar esos tramos en los que no hab\u00eda fijaci\u00f3n interior a causa de la abertura de los pilares.<\/span><\/p>\n<p><span style=\"font-weight: 400;\">Y la soluci\u00f3n a todo esto <\/span><b>ha sido construir las escaleras de caracol de la Sagrada Familia en la torre de Jes\u00fas mediante piedra tesada<\/b><span style=\"font-weight: 400;\">. De esta forma, se puede compensar esa carencia de peso y adem\u00e1s, garantiza la estabilidad en todos y cada uno de los escalones, est\u00e9n empotrados o volados en su totalidad.<\/span><\/p>\n<p><span style=\"font-weight: 400;\">A d\u00eda de hoy, a\u00fan se contin\u00faa elevando al cielo la torre de Jes\u00fas y con ella las <\/span><b>escaleras de caracol de la Sagrada Familia<\/b><span style=\"font-weight: 400;\">. Gracias a Gaud\u00ed como mente creativa y al ingenio t\u00e9cnico de los responsables de las obras del templo, en poco tiempo todos nosotros podremos estar m\u00e1s cerca de nuestro Creador.<\/span><\/p>\n","protected":false},"excerpt":{"rendered":"<p>Gaud\u00ed dise\u00f1\u00f3 la Sagrada Familia con una altura que representara el camino que debe recorrer el hombre para llegar al cielo. Para ello, dise\u00f1\u00f3 este espectacular templo y lo dot\u00f3 de una altura tal, que una vez construido, ser\u00e1 la iglesia m\u00e1s alta del mundo. Y adem\u00e1s, el hombre tendr\u00eda el placer de ascender por &hellip;<\/p>\n<p class=\"read-more\"> <a class=\"\" href=\"https:\/\/sagradafamilia-tickets.com\/es\/blog-sagrada-familia\/las-escaleras-de-caracol-de-la-sagrada-familia\/\"> <span class=\"screen-reader-text\">Las escaleras de caracol de la sagrada familia<\/span> Leer m\u00e1s &raquo;<\/a><\/p>\n","protected":false},"author":3,"featured_media":5275,"comment_status":"open","ping_status":"open","sticky":false,"template":"","format":"standard","meta":{"site-sidebar-layout":"default","site-content-layout":"default","ast-global-header-display":"","ast-main-header-display":"","ast-hfb-above-header-display":"","ast-hfb-below-header-display":"","ast-hfb-mobile-header-display":"","site-post-title":"","ast-breadcrumbs-content":"","ast-featured-img":"","footer-sml-layout":"","theme-transparent-header-meta":"default","adv-header-id-meta":"","stick-header-meta":"","header-above-stick-meta":"","header-main-stick-meta":"","header-below-stick-meta":""},"categories":[59],"tags":[],"yoast_head":"<!-- This site is optimized with the Yoast SEO plugin v20.4 - https:\/\/yoast.com\/wordpress\/plugins\/seo\/ -->\n<title>Las escaleras de caracol de la sagrada familia - Sagrada Familia Barcelona<\/title>\n<meta name=\"robots\" content=\"noindex, follow, max-snippet:-1, max-image-preview:large, max-video-preview:-1\" \/>\n<meta property=\"og:locale\" content=\"es_ES\" \/>\n<meta property=\"og:type\" content=\"article\" \/>\n<meta property=\"og:title\" content=\"Las escaleras de caracol de la sagrada familia - Sagrada Familia Barcelona\" \/>\n<meta property=\"og:description\" content=\"Gaud\u00ed dise\u00f1\u00f3 la Sagrada Familia con una altura que representara el camino que debe recorrer el hombre para llegar al cielo. Para ello, dise\u00f1\u00f3 este espectacular templo y lo dot\u00f3 de una altura tal, que una vez construido, ser\u00e1 la iglesia m\u00e1s alta del mundo. Y adem\u00e1s, el hombre tendr\u00eda el placer de ascender por &hellip; Las escaleras de caracol de la sagrada familia Leer m\u00e1s &raquo;\" \/>\n<meta property=\"og:url\" content=\"https:\/\/sagradafamiliaticket.org\/es\/blog-sagrada-familia\/las-escaleras-de-caracol-de-la-sagrada-familia\/\" \/>\n<meta property=\"og:site_name\" content=\"Sagrada Familia Barcelona\" \/>\n<meta property=\"article:published_time\" content=\"2021-05-04T08:00:41+00:00\" \/>\n<meta property=\"article:modified_time\" content=\"2021-04-21T15:30:12+00:00\" \/>\n<meta property=\"og:image\" content=\"https:\/\/sagradafamiliaticket.org\/wp-content\/uploads\/2021\/04\/pexels-maria-orlova-4946712-1.jpg\" \/>\n\t<meta property=\"og:image:width\" content=\"1920\" \/>\n\t<meta property=\"og:image:height\" content=\"800\" \/>\n\t<meta property=\"og:image:type\" content=\"image\/jpeg\" \/>\n<meta name=\"author\" content=\"Garcia\" \/>\n<meta name=\"twitter:card\" content=\"summary_large_image\" \/>\n<meta name=\"twitter:label1\" content=\"Escrito por\" \/>\n\t<meta name=\"twitter:data1\" content=\"Garcia\" \/>\n\t<meta name=\"twitter:label2\" content=\"Tiempo de lectura\" \/>\n\t<meta name=\"twitter:data2\" content=\"5 minutos\" \/>\n<script type=\"application\/ld+json\" class=\"yoast-schema-graph\">{\"@context\":\"https:\/\/schema.org\",\"@graph\":[{\"@type\":\"Article\",\"@id\":\"https:\/\/sagradafamiliaticket.org\/es\/blog-sagrada-familia\/las-escaleras-de-caracol-de-la-sagrada-familia\/#article\",\"isPartOf\":{\"@id\":\"https:\/\/sagradafamiliaticket.org\/es\/blog-sagrada-familia\/las-escaleras-de-caracol-de-la-sagrada-familia\/\"},\"author\":{\"name\":\"Garcia\",\"@id\":\"https:\/\/sagradafamilia-tickets.com\/#\/schema\/person\/23972abafba8c449b1a2910e674ba4ee\"},\"headline\":\"Las escaleras de caracol de la sagrada familia\",\"datePublished\":\"2021-05-04T08:00:41+00:00\",\"dateModified\":\"2021-04-21T15:30:12+00:00\",\"mainEntityOfPage\":{\"@id\":\"https:\/\/sagradafamiliaticket.org\/es\/blog-sagrada-familia\/las-escaleras-de-caracol-de-la-sagrada-familia\/\"},\"wordCount\":959,\"commentCount\":0,\"publisher\":{\"@id\":\"https:\/\/sagradafamilia-tickets.com\/#organization\"},\"articleSection\":[\"Blog de la Sagrada Familia\"],\"inLanguage\":\"es\",\"potentialAction\":[{\"@type\":\"CommentAction\",\"name\":\"Comment\",\"target\":[\"https:\/\/sagradafamiliaticket.org\/es\/blog-sagrada-familia\/las-escaleras-de-caracol-de-la-sagrada-familia\/#respond\"]}]},{\"@type\":\"WebPage\",\"@id\":\"https:\/\/sagradafamiliaticket.org\/es\/blog-sagrada-familia\/las-escaleras-de-caracol-de-la-sagrada-familia\/\",\"url\":\"https:\/\/sagradafamiliaticket.org\/es\/blog-sagrada-familia\/las-escaleras-de-caracol-de-la-sagrada-familia\/\",\"name\":\"Las escaleras de caracol de la sagrada familia - Sagrada Familia Barcelona\",\"isPartOf\":{\"@id\":\"https:\/\/sagradafamilia-tickets.com\/#website\"},\"datePublished\":\"2021-05-04T08:00:41+00:00\",\"dateModified\":\"2021-04-21T15:30:12+00:00\",\"breadcrumb\":{\"@id\":\"https:\/\/sagradafamiliaticket.org\/es\/blog-sagrada-familia\/las-escaleras-de-caracol-de-la-sagrada-familia\/#breadcrumb\"},\"inLanguage\":\"es\",\"potentialAction\":[{\"@type\":\"ReadAction\",\"target\":[\"https:\/\/sagradafamiliaticket.org\/es\/blog-sagrada-familia\/las-escaleras-de-caracol-de-la-sagrada-familia\/\"]}]},{\"@type\":\"BreadcrumbList\",\"@id\":\"https:\/\/sagradafamiliaticket.org\/es\/blog-sagrada-familia\/las-escaleras-de-caracol-de-la-sagrada-familia\/#breadcrumb\",\"itemListElement\":[{\"@type\":\"ListItem\",\"position\":1,\"name\":\"Home\",\"item\":\"https:\/\/sagradafamilia-tickets.com\/\"},{\"@type\":\"ListItem\",\"position\":2,\"name\":\"Las escaleras de caracol de la sagrada familia\"}]},{\"@type\":\"WebSite\",\"@id\":\"https:\/\/sagradafamilia-tickets.com\/#website\",\"url\":\"https:\/\/sagradafamilia-tickets.com\/\",\"name\":\"Sagrada Familia Barcelona\",\"description\":\"Book Your Tickets &amp; Tours\",\"publisher\":{\"@id\":\"https:\/\/sagradafamilia-tickets.com\/#organization\"},\"potentialAction\":[{\"@type\":\"SearchAction\",\"target\":{\"@type\":\"EntryPoint\",\"urlTemplate\":\"https:\/\/sagradafamilia-tickets.com\/?s={search_term_string}\"},\"query-input\":\"required name=search_term_string\"}],\"inLanguage\":\"es\"},{\"@type\":\"Organization\",\"@id\":\"https:\/\/sagradafamilia-tickets.com\/#organization\",\"name\":\"Sagrada Familia Barcelona\",\"url\":\"https:\/\/sagradafamilia-tickets.com\/\",\"logo\":{\"@type\":\"ImageObject\",\"inLanguage\":\"es\",\"@id\":\"https:\/\/sagradafamilia-tickets.com\/#\/schema\/logo\/image\/\",\"url\":\"https:\/\/sagradafamilia-tickets.com\/wp-content\/uploads\/2022\/08\/Sagrada-Familia-Tick.png\",\"contentUrl\":\"https:\/\/sagradafamilia-tickets.com\/wp-content\/uploads\/2022\/08\/Sagrada-Familia-Tick.png\",\"width\":526,\"height\":50,\"caption\":\"Sagrada Familia Barcelona\"},\"image\":{\"@id\":\"https:\/\/sagradafamilia-tickets.com\/#\/schema\/logo\/image\/\"}},{\"@type\":\"Person\",\"@id\":\"https:\/\/sagradafamilia-tickets.com\/#\/schema\/person\/23972abafba8c449b1a2910e674ba4ee\",\"name\":\"Garcia\",\"image\":{\"@type\":\"ImageObject\",\"inLanguage\":\"es\",\"@id\":\"https:\/\/sagradafamilia-tickets.com\/#\/schema\/person\/image\/\",\"url\":\"https:\/\/secure.gravatar.com\/avatar\/c18a9f903b74d59a1d3e1d78cb040b3e?s=96&d=mm&r=g\",\"contentUrl\":\"https:\/\/secure.gravatar.com\/avatar\/c18a9f903b74d59a1d3e1d78cb040b3e?s=96&d=mm&r=g\",\"caption\":\"Garcia\"}}]}<\/script>\n<!-- \/ Yoast SEO plugin. -->","yoast_head_json":{"title":"Las escaleras de caracol de la sagrada familia - Sagrada Familia Barcelona","robots":{"index":"noindex","follow":"follow","max-snippet":"max-snippet:-1","max-image-preview":"max-image-preview:large","max-video-preview":"max-video-preview:-1"},"og_locale":"es_ES","og_type":"article","og_title":"Las escaleras de caracol de la sagrada familia - Sagrada Familia Barcelona","og_description":"Gaud\u00ed dise\u00f1\u00f3 la Sagrada Familia con una altura que representara el camino que debe recorrer el hombre para llegar al cielo. Para ello, dise\u00f1\u00f3 este espectacular templo y lo dot\u00f3 de una altura tal, que una vez construido, ser\u00e1 la iglesia m\u00e1s alta del mundo. Y adem\u00e1s, el hombre tendr\u00eda el placer de ascender por &hellip; Las escaleras de caracol de la sagrada familia Leer m\u00e1s &raquo;","og_url":"https:\/\/sagradafamiliaticket.org\/es\/blog-sagrada-familia\/las-escaleras-de-caracol-de-la-sagrada-familia\/","og_site_name":"Sagrada Familia Barcelona","article_published_time":"2021-05-04T08:00:41+00:00","article_modified_time":"2021-04-21T15:30:12+00:00","og_image":[{"width":1920,"height":800,"url":"https:\/\/sagradafamiliaticket.org\/wp-content\/uploads\/2021\/04\/pexels-maria-orlova-4946712-1.jpg","type":"image\/jpeg"}],"author":"Garcia","twitter_card":"summary_large_image","twitter_misc":{"Escrito por":"Garcia","Tiempo de lectura":"5 minutos"},"schema":{"@context":"https:\/\/schema.org","@graph":[{"@type":"Article","@id":"https:\/\/sagradafamiliaticket.org\/es\/blog-sagrada-familia\/las-escaleras-de-caracol-de-la-sagrada-familia\/#article","isPartOf":{"@id":"https:\/\/sagradafamiliaticket.org\/es\/blog-sagrada-familia\/las-escaleras-de-caracol-de-la-sagrada-familia\/"},"author":{"name":"Garcia","@id":"https:\/\/sagradafamilia-tickets.com\/#\/schema\/person\/23972abafba8c449b1a2910e674ba4ee"},"headline":"Las escaleras de caracol de la sagrada familia","datePublished":"2021-05-04T08:00:41+00:00","dateModified":"2021-04-21T15:30:12+00:00","mainEntityOfPage":{"@id":"https:\/\/sagradafamiliaticket.org\/es\/blog-sagrada-familia\/las-escaleras-de-caracol-de-la-sagrada-familia\/"},"wordCount":959,"commentCount":0,"publisher":{"@id":"https:\/\/sagradafamilia-tickets.com\/#organization"},"articleSection":["Blog de la Sagrada Familia"],"inLanguage":"es","potentialAction":[{"@type":"CommentAction","name":"Comment","target":["https:\/\/sagradafamiliaticket.org\/es\/blog-sagrada-familia\/las-escaleras-de-caracol-de-la-sagrada-familia\/#respond"]}]},{"@type":"WebPage","@id":"https:\/\/sagradafamiliaticket.org\/es\/blog-sagrada-familia\/las-escaleras-de-caracol-de-la-sagrada-familia\/","url":"https:\/\/sagradafamiliaticket.org\/es\/blog-sagrada-familia\/las-escaleras-de-caracol-de-la-sagrada-familia\/","name":"Las escaleras de caracol de la sagrada familia - Sagrada Familia Barcelona","isPartOf":{"@id":"https:\/\/sagradafamilia-tickets.com\/#website"},"datePublished":"2021-05-04T08:00:41+00:00","dateModified":"2021-04-21T15:30:12+00:00","breadcrumb":{"@id":"https:\/\/sagradafamiliaticket.org\/es\/blog-sagrada-familia\/las-escaleras-de-caracol-de-la-sagrada-familia\/#breadcrumb"},"inLanguage":"es","potentialAction":[{"@type":"ReadAction","target":["https:\/\/sagradafamiliaticket.org\/es\/blog-sagrada-familia\/las-escaleras-de-caracol-de-la-sagrada-familia\/"]}]},{"@type":"BreadcrumbList","@id":"https:\/\/sagradafamiliaticket.org\/es\/blog-sagrada-familia\/las-escaleras-de-caracol-de-la-sagrada-familia\/#breadcrumb","itemListElement":[{"@type":"ListItem","position":1,"name":"Home","item":"https:\/\/sagradafamilia-tickets.com\/"},{"@type":"ListItem","position":2,"name":"Las escaleras de caracol de la sagrada familia"}]},{"@type":"WebSite","@id":"https:\/\/sagradafamilia-tickets.com\/#website","url":"https:\/\/sagradafamilia-tickets.com\/","name":"Sagrada Familia Barcelona","description":"Book Your Tickets &amp; Tours","publisher":{"@id":"https:\/\/sagradafamilia-tickets.com\/#organization"},"potentialAction":[{"@type":"SearchAction","target":{"@type":"EntryPoint","urlTemplate":"https:\/\/sagradafamilia-tickets.com\/?s={search_term_string}"},"query-input":"required name=search_term_string"}],"inLanguage":"es"},{"@type":"Organization","@id":"https:\/\/sagradafamilia-tickets.com\/#organization","name":"Sagrada Familia Barcelona","url":"https:\/\/sagradafamilia-tickets.com\/","logo":{"@type":"ImageObject","inLanguage":"es","@id":"https:\/\/sagradafamilia-tickets.com\/#\/schema\/logo\/image\/","url":"https:\/\/sagradafamilia-tickets.com\/wp-content\/uploads\/2022\/08\/Sagrada-Familia-Tick.png","contentUrl":"https:\/\/sagradafamilia-tickets.com\/wp-content\/uploads\/2022\/08\/Sagrada-Familia-Tick.png","width":526,"height":50,"caption":"Sagrada Familia Barcelona"},"image":{"@id":"https:\/\/sagradafamilia-tickets.com\/#\/schema\/logo\/image\/"}},{"@type":"Person","@id":"https:\/\/sagradafamilia-tickets.com\/#\/schema\/person\/23972abafba8c449b1a2910e674ba4ee","name":"Garcia","image":{"@type":"ImageObject","inLanguage":"es","@id":"https:\/\/sagradafamilia-tickets.com\/#\/schema\/person\/image\/","url":"https:\/\/secure.gravatar.com\/avatar\/c18a9f903b74d59a1d3e1d78cb040b3e?s=96&d=mm&r=g","contentUrl":"https:\/\/secure.gravatar.com\/avatar\/c18a9f903b74d59a1d3e1d78cb040b3e?s=96&d=mm&r=g","caption":"Garcia"}}]}},"_links":{"self":[{"href":"https:\/\/sagradafamilia-tickets.com\/es\/wp-json\/wp\/v2\/posts\/5274"}],"collection":[{"href":"https:\/\/sagradafamilia-tickets.com\/es\/wp-json\/wp\/v2\/posts"}],"about":[{"href":"https:\/\/sagradafamilia-tickets.com\/es\/wp-json\/wp\/v2\/types\/post"}],"author":[{"embeddable":true,"href":"https:\/\/sagradafamilia-tickets.com\/es\/wp-json\/wp\/v2\/users\/3"}],"replies":[{"embeddable":true,"href":"https:\/\/sagradafamilia-tickets.com\/es\/wp-json\/wp\/v2\/comments?post=5274"}],"version-history":[{"count":1,"href":"https:\/\/sagradafamilia-tickets.com\/es\/wp-json\/wp\/v2\/posts\/5274\/revisions"}],"predecessor-version":[{"id":5279,"href":"https:\/\/sagradafamilia-tickets.com\/es\/wp-json\/wp\/v2\/posts\/5274\/revisions\/5279"}],"wp:featuredmedia":[{"embeddable":true,"href":"https:\/\/sagradafamilia-tickets.com\/es\/wp-json\/wp\/v2\/media\/5275"}],"wp:attachment":[{"href":"https:\/\/sagradafamilia-tickets.com\/es\/wp-json\/wp\/v2\/media?parent=5274"}],"wp:term":[{"taxonomy":"category","embeddable":true,"href":"https:\/\/sagradafamilia-tickets.com\/es\/wp-json\/wp\/v2\/categories?post=5274"},{"taxonomy":"post_tag","embeddable":true,"href":"https:\/\/sagradafamilia-tickets.com\/es\/wp-json\/wp\/v2\/tags?post=5274"}],"curies":[{"name":"wp","href":"https:\/\/api.w.org\/{rel}","templated":true}]}}