{"id":5261,"date":"2021-04-27T09:00:49","date_gmt":"2021-04-27T08:00:49","guid":{"rendered":"https:\/\/sagradafamilia-tickets.com\/?p=5261"},"modified":"2021-04-20T17:12:01","modified_gmt":"2021-04-20T16:12:01","slug":"fachada-del-nacimiento-de-la-sagrada-familia","status":"publish","type":"post","link":"https:\/\/sagradafamilia-tickets.com\/es\/blog-sagrada-familia\/fachada-del-nacimiento-de-la-sagrada-familia\/","title":{"rendered":"Fachada del Nacimiento de la Sagrada Familia"},"content":{"rendered":"<p><span style=\"font-weight: 400;\">La <\/span><b>fachada del Nacimiento<\/b><span style=\"font-weight: 400;\"> o Natividad, tambi\u00e9n llamada de Levante, fue la \u00fanica que se construy\u00f3 bajo la direcci\u00f3n de las obras de Gaud\u00ed. Dedicada al nacimiento de Jes\u00fas, fue la primera de las tres fachadas en levantarse al objeto de presentar admiraci\u00f3n y poder recaudar los donativos necesarios para la construcci\u00f3n de la Sagrada Familia.<\/span><\/p>\n<p><span style=\"font-weight: 400;\">Declarada Patrimonio de la Humanidad por la UNESCO, la <\/span><b>fachada del Nacimiento<\/b><span style=\"font-weight: 400;\"> se ubica en la calle Marina y en su nivel inferior, est\u00e1 compuesta por un p\u00f3rtico con 3 portales de acceso al templo dedicados a las virtudes teologales: fe, esperanza y caridad.<\/span><\/p>\n<p><span style=\"font-weight: 400;\">Como el resto de las fachadas de la Sagrada Familia, se levantan 4 torres dedicadas a los ap\u00f3stoles y justo en el centro de ellos, ubicado encima de la puerta principal, podemos observar un cipr\u00e9s coronado con una cl\u00e1sica cruz en forma de T que representa el \u00e1rbol de la vida.<\/span><\/p>\n<h2><b>El p\u00f3rtico de la fachada del Nacimiento<\/b><\/h2>\n<p><span style=\"font-weight: 400;\">El p\u00f3rtico del Nacimiento est\u00e1 dise\u00f1ado con una amplia iconograf\u00eda que alternan figuras religiosas que representan el nacimiento de Jes\u00fas con especies vegetales simbolizando la vida. Al ser el \u00fanico que dio tiempo a construir a Gaud\u00ed, sirve como est\u00edmulo y gu\u00eda a los diferentes arquitectos que tomaron la direcci\u00f3n de las obras para la ejecuci\u00f3n de las diferentes <\/span><b>fachadas de la Sagrada Familia<\/b><span style=\"font-weight: 400;\">.<\/span><\/p>\n<p><span style=\"font-weight: 400;\">El p\u00f3rtico, barroco en cuanto a su dise\u00f1o, a su vez est\u00e1 dividido por tres puertas; <\/span><b>a la izquierda la de la Esperanza, la Caridad en el centro y la Fe a la derecha<\/b><span style=\"font-weight: 400;\">. Los portales se encuentran separados por columnas dedicadas a Jos\u00e9 y a Mar\u00eda, acabando ambas en forma de palmera con unos \u00e1ngeles tocando unas trompetas. Sus bases se encuentran formadas por el caparaz\u00f3n de una tortuga, una de mar y una de tierra, con el simbolismo de la inalterabilidad del tiempo.<\/span><\/p>\n<h2><b>Portal de la Esperanza<\/b><\/h2>\n<p><span style=\"font-weight: 400;\">Es el m\u00e1s situado a la izquierda y tiene una puerta de acceso al templo mucho m\u00e1s peque\u00f1a que la central. <\/span><b>Es el portal dedicado a San Jos\u00e9<\/b><span style=\"font-weight: 400;\">, y para ello, lo preside una estatua con el ni\u00f1o Jes\u00fas de pie. A lo largo del portal, pueden observarse diferentes escenas como las correspondientes a los esponsales de la Virgen Mar\u00eda o a la huida a Egipto.<\/span><\/p>\n<p><span style=\"font-weight: 400;\">Todo ello rodeado con flora y fauna de Egipto como ocas, gansos o patos. El p\u00f3rtico se remata con un pin\u00e1culo que representa a Montserrat y encima los desposorios de San Jos\u00e9 y la Virgen Mar\u00eda.<\/span><\/p>\n<p><img loading=\"lazy\" class=\"alignnone size-full wp-image-5265\" src=\"https:\/\/sagradafamilia-tickets.com\/wp-content\/uploads\/2021\/04\/pexels-maria-orlova-4940749-1.jpg\" alt=\"\" width=\"640\" height=\"426\" srcset=\"https:\/\/sagradafamilia-tickets.com\/wp-content\/uploads\/2021\/04\/pexels-maria-orlova-4940749-1.jpg 640w, https:\/\/sagradafamilia-tickets.com\/wp-content\/uploads\/2021\/04\/pexels-maria-orlova-4940749-1-300x200.jpg 300w, https:\/\/sagradafamilia-tickets.com\/wp-content\/uploads\/2021\/04\/pexels-maria-orlova-4940749-1-600x399.jpg 600w\" sizes=\"(max-width: 640px) 100vw, 640px\" \/><\/p>\n<h2><b>Portal de la Caridad<\/b><\/h2>\n<p><span style=\"font-weight: 400;\">Situado en el centro, es el m\u00e1s grande y el que preside la <\/span><b>fachada del Nacimiento<\/b><span style=\"font-weight: 400;\">. Y c\u00f3mo no, el central y el m\u00e1s importante est\u00e1 dedicado a Jes\u00fas. Simula al completo el portal de Bel\u00e9n, conteniendo escenas como la Adoraci\u00f3n de los Reyes, la Anunciaci\u00f3n o la Coronaci\u00f3n de Mar\u00eda. Rodeado todo ello de elementos que magnifican el nacimiento, como la estrella de Bel\u00e9n y \u00e1ngeles m\u00fasicos con numerosos instrumentos.<\/span><\/p>\n<p><span style=\"font-weight: 400;\">El portal se encuentra dividido por dos puertas separadas por una columna que representa el \u00e1rbol geneal\u00f3gico de Jes\u00fas. En su base, se puede observar la serpiente mordiendo la manzana y sobre el capitel est\u00e1 ubicado el grupo del Nacimiento, obra de Busquets. Tambi\u00e9n, <\/span><b>podemos admirar el Coro de los \u00c1ngeles Ni\u00f1os<\/b><span style=\"font-weight: 400;\">, restituido por Etsuro Sotoo, obra que fue da\u00f1ada en la Guerra Civil.\u00a0<\/span><\/p>\n<h2><b>Portal de la Fe<\/b><\/h2>\n<p><span style=\"font-weight: 400;\">Situado a la derecha del p\u00f3rtico, es de igual tama\u00f1o que el de la Esperanza, dotando as\u00ed de una simetr\u00eda perfecta a la <\/span><b>fachada del Nacimiento<\/b><span style=\"font-weight: 400;\">. Est\u00e1 dedicado a la Virgen Mar\u00eda y como homenaje a la madre de Jes\u00fas, se pueden encontrar escenas relacionadas como la Visitaci\u00f3n, la Inmaculada Concepci\u00f3n o Jes\u00fas trabajando de carpintero entre otras.<\/span><\/p>\n<h2><b>Los campanarios o torres<\/b><\/h2>\n<p><span style=\"font-weight: 400;\">Como cualquier <\/span><b>fachada de la Sagrada Familia<\/b><span style=\"font-weight: 400;\">, presenta cuatro torres destinadas a los ap\u00f3stoles. En el caso de la Natividad, los ap\u00f3stoles representados son San Sim\u00f3n, San Bernab\u00e9, San Mat\u00edas y San Juan Tadeo. Son de planta cuadrada en su base, elev\u00e1ndose a medida que se van curvando, finalizando en un b\u00e1culo episcopal en su extremo m\u00e1s elevado.<\/span><\/p>\n<p><span style=\"font-weight: 400;\">Las laterales tienen una altura de 98 m, y las centrales se elevan hasta los 107 m de altura. Todos ellos son accesibles por medio de escaleras helicoidales y <\/span><b>contienen 60 campanas capaces de ser o\u00eddas hasta 3 km de distancia<\/b><span style=\"font-weight: 400;\">, debido a las persianas de piedra que tiene repartidas y que amplifican la ac\u00fastica de los campanarios.<\/span><\/p>\n<h2><b>Los escultores de la fachada del Nacimiento<\/b><\/h2>\n<p><span style=\"font-weight: 400;\">La fachada del Nacimiento, al ser la \u00fanica construida directamente por Gaud\u00ed, <\/span><b>presenta una gran cantidad de escenificaciones dise\u00f1adas por el arquitecto mismo y esculpidas por Matamala i Pi\u00f1ol<\/b><b><i>.<\/i><\/b><span style=\"font-weight: 400;\"> Ejemplos de ellos son las esculturas como los \u00c1ngeles Trompeteros, la Huida de Egipto, San Jos\u00e9 y el Ni\u00f1o Jes\u00fas o la Pur\u00edsima.<\/span><\/p>\n<p><span style=\"font-weight: 400;\">Pero, tambi\u00e9n han intervenido m\u00e1s escultores como Jaume Busquets (La Anunciaci\u00f3n del \u00c1ngel a Mar\u00eda o el grupo central del Nacimiento), Joaquim Ros i Bofarull (Adoraci\u00f3n de los Reyes y Adoraci\u00f3n de los Pastores) o el propio Etsuro Sotoo con el Coro de los \u00c1ngeles Ni\u00f1os.<\/span><\/p>\n<p><span style=\"font-weight: 400;\">La <\/span><b>fachada del Nacimiento<\/b><span style=\"font-weight: 400;\"> es un bello canto a la vida y a la creaci\u00f3n que representa el nacimiento de Jes\u00fas. Y debe ser contemplada con admiraci\u00f3n, ya que fue la \u00fanica que a Gaud\u00ed dio tiempo a dirigir y a plasmar toda su genialidad a medida que iba siendo levantada. Y es que por eso, es Patrimonio de la Humanidad, el colof\u00f3n perfecto que magnifica a uno de los mejores arquitectos de la historia.<\/span><\/p>\n","protected":false},"excerpt":{"rendered":"<p>La fachada del Nacimiento o Natividad, tambi\u00e9n llamada de Levante, fue la \u00fanica que se construy\u00f3 bajo la direcci\u00f3n de las obras de Gaud\u00ed. Dedicada al nacimiento de Jes\u00fas, fue la primera de las tres fachadas en levantarse al objeto de presentar admiraci\u00f3n y poder recaudar los donativos necesarios para la construcci\u00f3n de la Sagrada &hellip;<\/p>\n<p class=\"read-more\"> <a class=\"\" href=\"https:\/\/sagradafamilia-tickets.com\/es\/blog-sagrada-familia\/fachada-del-nacimiento-de-la-sagrada-familia\/\"> <span class=\"screen-reader-text\">Fachada del Nacimiento de la Sagrada Familia<\/span> Leer m\u00e1s &raquo;<\/a><\/p>\n","protected":false},"author":3,"featured_media":5263,"comment_status":"open","ping_status":"open","sticky":false,"template":"","format":"standard","meta":{"site-sidebar-layout":"default","site-content-layout":"default","ast-global-header-display":"","ast-main-header-display":"","ast-hfb-above-header-display":"","ast-hfb-below-header-display":"","ast-hfb-mobile-header-display":"","site-post-title":"","ast-breadcrumbs-content":"","ast-featured-img":"","footer-sml-layout":"","theme-transparent-header-meta":"default","adv-header-id-meta":"","stick-header-meta":"","header-above-stick-meta":"","header-main-stick-meta":"","header-below-stick-meta":""},"categories":[59],"tags":[],"yoast_head":"<!-- This site is optimized with the Yoast SEO plugin v20.4 - https:\/\/yoast.com\/wordpress\/plugins\/seo\/ -->\n<title>Fachada del Nacimiento de la Sagrada Familia - Sagrada Familia Barcelona<\/title>\n<meta name=\"robots\" content=\"noindex, follow, max-snippet:-1, max-image-preview:large, max-video-preview:-1\" \/>\n<meta property=\"og:locale\" content=\"es_ES\" \/>\n<meta property=\"og:type\" content=\"article\" \/>\n<meta property=\"og:title\" content=\"Fachada del Nacimiento de la Sagrada Familia - Sagrada Familia Barcelona\" \/>\n<meta property=\"og:description\" content=\"La fachada del Nacimiento o Natividad, tambi\u00e9n llamada de Levante, fue la \u00fanica que se construy\u00f3 bajo la direcci\u00f3n de las obras de Gaud\u00ed. Dedicada al nacimiento de Jes\u00fas, fue la primera de las tres fachadas en levantarse al objeto de presentar admiraci\u00f3n y poder recaudar los donativos necesarios para la construcci\u00f3n de la Sagrada &hellip; Fachada del Nacimiento de la Sagrada Familia Leer m\u00e1s &raquo;\" \/>\n<meta property=\"og:url\" content=\"https:\/\/sagradafamiliaticket.org\/es\/blog-sagrada-familia\/fachada-del-nacimiento-de-la-sagrada-familia\/\" \/>\n<meta property=\"og:site_name\" content=\"Sagrada Familia Barcelona\" \/>\n<meta property=\"article:published_time\" content=\"2021-04-27T08:00:49+00:00\" \/>\n<meta property=\"article:modified_time\" content=\"2021-04-20T16:12:01+00:00\" \/>\n<meta property=\"og:image\" content=\"https:\/\/sagradafamiliaticket.org\/wp-content\/uploads\/2021\/04\/pexels-maria-orlova-4946671.jpg\" \/>\n\t<meta property=\"og:image:width\" content=\"1920\" \/>\n\t<meta property=\"og:image:height\" content=\"1280\" \/>\n\t<meta property=\"og:image:type\" content=\"image\/jpeg\" \/>\n<meta name=\"author\" content=\"Garcia\" \/>\n<meta name=\"twitter:card\" content=\"summary_large_image\" \/>\n<meta name=\"twitter:label1\" content=\"Escrito por\" \/>\n\t<meta name=\"twitter:data1\" content=\"Garcia\" \/>\n\t<meta name=\"twitter:label2\" content=\"Tiempo de lectura\" \/>\n\t<meta name=\"twitter:data2\" content=\"5 minutos\" \/>\n<script type=\"application\/ld+json\" class=\"yoast-schema-graph\">{\"@context\":\"https:\/\/schema.org\",\"@graph\":[{\"@type\":\"Article\",\"@id\":\"https:\/\/sagradafamiliaticket.org\/es\/blog-sagrada-familia\/fachada-del-nacimiento-de-la-sagrada-familia\/#article\",\"isPartOf\":{\"@id\":\"https:\/\/sagradafamiliaticket.org\/es\/blog-sagrada-familia\/fachada-del-nacimiento-de-la-sagrada-familia\/\"},\"author\":{\"name\":\"Garcia\",\"@id\":\"https:\/\/sagradafamilia-tickets.com\/#\/schema\/person\/23972abafba8c449b1a2910e674ba4ee\"},\"headline\":\"Fachada del Nacimiento de la Sagrada Familia\",\"datePublished\":\"2021-04-27T08:00:49+00:00\",\"dateModified\":\"2021-04-20T16:12:01+00:00\",\"mainEntityOfPage\":{\"@id\":\"https:\/\/sagradafamiliaticket.org\/es\/blog-sagrada-familia\/fachada-del-nacimiento-de-la-sagrada-familia\/\"},\"wordCount\":995,\"commentCount\":0,\"publisher\":{\"@id\":\"https:\/\/sagradafamilia-tickets.com\/#organization\"},\"articleSection\":[\"Blog de la Sagrada Familia\"],\"inLanguage\":\"es\",\"potentialAction\":[{\"@type\":\"CommentAction\",\"name\":\"Comment\",\"target\":[\"https:\/\/sagradafamiliaticket.org\/es\/blog-sagrada-familia\/fachada-del-nacimiento-de-la-sagrada-familia\/#respond\"]}]},{\"@type\":\"WebPage\",\"@id\":\"https:\/\/sagradafamiliaticket.org\/es\/blog-sagrada-familia\/fachada-del-nacimiento-de-la-sagrada-familia\/\",\"url\":\"https:\/\/sagradafamiliaticket.org\/es\/blog-sagrada-familia\/fachada-del-nacimiento-de-la-sagrada-familia\/\",\"name\":\"Fachada del Nacimiento de la Sagrada Familia - Sagrada Familia Barcelona\",\"isPartOf\":{\"@id\":\"https:\/\/sagradafamilia-tickets.com\/#website\"},\"datePublished\":\"2021-04-27T08:00:49+00:00\",\"dateModified\":\"2021-04-20T16:12:01+00:00\",\"breadcrumb\":{\"@id\":\"https:\/\/sagradafamiliaticket.org\/es\/blog-sagrada-familia\/fachada-del-nacimiento-de-la-sagrada-familia\/#breadcrumb\"},\"inLanguage\":\"es\",\"potentialAction\":[{\"@type\":\"ReadAction\",\"target\":[\"https:\/\/sagradafamiliaticket.org\/es\/blog-sagrada-familia\/fachada-del-nacimiento-de-la-sagrada-familia\/\"]}]},{\"@type\":\"BreadcrumbList\",\"@id\":\"https:\/\/sagradafamiliaticket.org\/es\/blog-sagrada-familia\/fachada-del-nacimiento-de-la-sagrada-familia\/#breadcrumb\",\"itemListElement\":[{\"@type\":\"ListItem\",\"position\":1,\"name\":\"Home\",\"item\":\"https:\/\/sagradafamilia-tickets.com\/\"},{\"@type\":\"ListItem\",\"position\":2,\"name\":\"Fachada del Nacimiento de la Sagrada Familia\"}]},{\"@type\":\"WebSite\",\"@id\":\"https:\/\/sagradafamilia-tickets.com\/#website\",\"url\":\"https:\/\/sagradafamilia-tickets.com\/\",\"name\":\"Sagrada Familia Barcelona\",\"description\":\"Book Your Tickets &amp; Tours\",\"publisher\":{\"@id\":\"https:\/\/sagradafamilia-tickets.com\/#organization\"},\"potentialAction\":[{\"@type\":\"SearchAction\",\"target\":{\"@type\":\"EntryPoint\",\"urlTemplate\":\"https:\/\/sagradafamilia-tickets.com\/?s={search_term_string}\"},\"query-input\":\"required name=search_term_string\"}],\"inLanguage\":\"es\"},{\"@type\":\"Organization\",\"@id\":\"https:\/\/sagradafamilia-tickets.com\/#organization\",\"name\":\"Sagrada Familia Barcelona\",\"url\":\"https:\/\/sagradafamilia-tickets.com\/\",\"logo\":{\"@type\":\"ImageObject\",\"inLanguage\":\"es\",\"@id\":\"https:\/\/sagradafamilia-tickets.com\/#\/schema\/logo\/image\/\",\"url\":\"https:\/\/sagradafamilia-tickets.com\/wp-content\/uploads\/2022\/08\/Sagrada-Familia-Tick.png\",\"contentUrl\":\"https:\/\/sagradafamilia-tickets.com\/wp-content\/uploads\/2022\/08\/Sagrada-Familia-Tick.png\",\"width\":526,\"height\":50,\"caption\":\"Sagrada Familia Barcelona\"},\"image\":{\"@id\":\"https:\/\/sagradafamilia-tickets.com\/#\/schema\/logo\/image\/\"}},{\"@type\":\"Person\",\"@id\":\"https:\/\/sagradafamilia-tickets.com\/#\/schema\/person\/23972abafba8c449b1a2910e674ba4ee\",\"name\":\"Garcia\",\"image\":{\"@type\":\"ImageObject\",\"inLanguage\":\"es\",\"@id\":\"https:\/\/sagradafamilia-tickets.com\/#\/schema\/person\/image\/\",\"url\":\"https:\/\/secure.gravatar.com\/avatar\/c18a9f903b74d59a1d3e1d78cb040b3e?s=96&d=mm&r=g\",\"contentUrl\":\"https:\/\/secure.gravatar.com\/avatar\/c18a9f903b74d59a1d3e1d78cb040b3e?s=96&d=mm&r=g\",\"caption\":\"Garcia\"}}]}<\/script>\n<!-- \/ Yoast SEO plugin. -->","yoast_head_json":{"title":"Fachada del Nacimiento de la Sagrada Familia - Sagrada Familia Barcelona","robots":{"index":"noindex","follow":"follow","max-snippet":"max-snippet:-1","max-image-preview":"max-image-preview:large","max-video-preview":"max-video-preview:-1"},"og_locale":"es_ES","og_type":"article","og_title":"Fachada del Nacimiento de la Sagrada Familia - Sagrada Familia Barcelona","og_description":"La fachada del Nacimiento o Natividad, tambi\u00e9n llamada de Levante, fue la \u00fanica que se construy\u00f3 bajo la direcci\u00f3n de las obras de Gaud\u00ed. Dedicada al nacimiento de Jes\u00fas, fue la primera de las tres fachadas en levantarse al objeto de presentar admiraci\u00f3n y poder recaudar los donativos necesarios para la construcci\u00f3n de la Sagrada &hellip; Fachada del Nacimiento de la Sagrada Familia Leer m\u00e1s &raquo;","og_url":"https:\/\/sagradafamiliaticket.org\/es\/blog-sagrada-familia\/fachada-del-nacimiento-de-la-sagrada-familia\/","og_site_name":"Sagrada Familia Barcelona","article_published_time":"2021-04-27T08:00:49+00:00","article_modified_time":"2021-04-20T16:12:01+00:00","og_image":[{"width":1920,"height":1280,"url":"https:\/\/sagradafamiliaticket.org\/wp-content\/uploads\/2021\/04\/pexels-maria-orlova-4946671.jpg","type":"image\/jpeg"}],"author":"Garcia","twitter_card":"summary_large_image","twitter_misc":{"Escrito por":"Garcia","Tiempo de lectura":"5 minutos"},"schema":{"@context":"https:\/\/schema.org","@graph":[{"@type":"Article","@id":"https:\/\/sagradafamiliaticket.org\/es\/blog-sagrada-familia\/fachada-del-nacimiento-de-la-sagrada-familia\/#article","isPartOf":{"@id":"https:\/\/sagradafamiliaticket.org\/es\/blog-sagrada-familia\/fachada-del-nacimiento-de-la-sagrada-familia\/"},"author":{"name":"Garcia","@id":"https:\/\/sagradafamilia-tickets.com\/#\/schema\/person\/23972abafba8c449b1a2910e674ba4ee"},"headline":"Fachada del Nacimiento de la Sagrada Familia","datePublished":"2021-04-27T08:00:49+00:00","dateModified":"2021-04-20T16:12:01+00:00","mainEntityOfPage":{"@id":"https:\/\/sagradafamiliaticket.org\/es\/blog-sagrada-familia\/fachada-del-nacimiento-de-la-sagrada-familia\/"},"wordCount":995,"commentCount":0,"publisher":{"@id":"https:\/\/sagradafamilia-tickets.com\/#organization"},"articleSection":["Blog de la Sagrada Familia"],"inLanguage":"es","potentialAction":[{"@type":"CommentAction","name":"Comment","target":["https:\/\/sagradafamiliaticket.org\/es\/blog-sagrada-familia\/fachada-del-nacimiento-de-la-sagrada-familia\/#respond"]}]},{"@type":"WebPage","@id":"https:\/\/sagradafamiliaticket.org\/es\/blog-sagrada-familia\/fachada-del-nacimiento-de-la-sagrada-familia\/","url":"https:\/\/sagradafamiliaticket.org\/es\/blog-sagrada-familia\/fachada-del-nacimiento-de-la-sagrada-familia\/","name":"Fachada del Nacimiento de la Sagrada Familia - Sagrada Familia Barcelona","isPartOf":{"@id":"https:\/\/sagradafamilia-tickets.com\/#website"},"datePublished":"2021-04-27T08:00:49+00:00","dateModified":"2021-04-20T16:12:01+00:00","breadcrumb":{"@id":"https:\/\/sagradafamiliaticket.org\/es\/blog-sagrada-familia\/fachada-del-nacimiento-de-la-sagrada-familia\/#breadcrumb"},"inLanguage":"es","potentialAction":[{"@type":"ReadAction","target":["https:\/\/sagradafamiliaticket.org\/es\/blog-sagrada-familia\/fachada-del-nacimiento-de-la-sagrada-familia\/"]}]},{"@type":"BreadcrumbList","@id":"https:\/\/sagradafamiliaticket.org\/es\/blog-sagrada-familia\/fachada-del-nacimiento-de-la-sagrada-familia\/#breadcrumb","itemListElement":[{"@type":"ListItem","position":1,"name":"Home","item":"https:\/\/sagradafamilia-tickets.com\/"},{"@type":"ListItem","position":2,"name":"Fachada del Nacimiento de la Sagrada Familia"}]},{"@type":"WebSite","@id":"https:\/\/sagradafamilia-tickets.com\/#website","url":"https:\/\/sagradafamilia-tickets.com\/","name":"Sagrada Familia Barcelona","description":"Book Your Tickets &amp; Tours","publisher":{"@id":"https:\/\/sagradafamilia-tickets.com\/#organization"},"potentialAction":[{"@type":"SearchAction","target":{"@type":"EntryPoint","urlTemplate":"https:\/\/sagradafamilia-tickets.com\/?s={search_term_string}"},"query-input":"required name=search_term_string"}],"inLanguage":"es"},{"@type":"Organization","@id":"https:\/\/sagradafamilia-tickets.com\/#organization","name":"Sagrada Familia Barcelona","url":"https:\/\/sagradafamilia-tickets.com\/","logo":{"@type":"ImageObject","inLanguage":"es","@id":"https:\/\/sagradafamilia-tickets.com\/#\/schema\/logo\/image\/","url":"https:\/\/sagradafamilia-tickets.com\/wp-content\/uploads\/2022\/08\/Sagrada-Familia-Tick.png","contentUrl":"https:\/\/sagradafamilia-tickets.com\/wp-content\/uploads\/2022\/08\/Sagrada-Familia-Tick.png","width":526,"height":50,"caption":"Sagrada Familia Barcelona"},"image":{"@id":"https:\/\/sagradafamilia-tickets.com\/#\/schema\/logo\/image\/"}},{"@type":"Person","@id":"https:\/\/sagradafamilia-tickets.com\/#\/schema\/person\/23972abafba8c449b1a2910e674ba4ee","name":"Garcia","image":{"@type":"ImageObject","inLanguage":"es","@id":"https:\/\/sagradafamilia-tickets.com\/#\/schema\/person\/image\/","url":"https:\/\/secure.gravatar.com\/avatar\/c18a9f903b74d59a1d3e1d78cb040b3e?s=96&d=mm&r=g","contentUrl":"https:\/\/secure.gravatar.com\/avatar\/c18a9f903b74d59a1d3e1d78cb040b3e?s=96&d=mm&r=g","caption":"Garcia"}}]}},"_links":{"self":[{"href":"https:\/\/sagradafamilia-tickets.com\/es\/wp-json\/wp\/v2\/posts\/5261"}],"collection":[{"href":"https:\/\/sagradafamilia-tickets.com\/es\/wp-json\/wp\/v2\/posts"}],"about":[{"href":"https:\/\/sagradafamilia-tickets.com\/es\/wp-json\/wp\/v2\/types\/post"}],"author":[{"embeddable":true,"href":"https:\/\/sagradafamilia-tickets.com\/es\/wp-json\/wp\/v2\/users\/3"}],"replies":[{"embeddable":true,"href":"https:\/\/sagradafamilia-tickets.com\/es\/wp-json\/wp\/v2\/comments?post=5261"}],"version-history":[{"count":2,"href":"https:\/\/sagradafamilia-tickets.com\/es\/wp-json\/wp\/v2\/posts\/5261\/revisions"}],"predecessor-version":[{"id":5267,"href":"https:\/\/sagradafamilia-tickets.com\/es\/wp-json\/wp\/v2\/posts\/5261\/revisions\/5267"}],"wp:featuredmedia":[{"embeddable":true,"href":"https:\/\/sagradafamilia-tickets.com\/es\/wp-json\/wp\/v2\/media\/5263"}],"wp:attachment":[{"href":"https:\/\/sagradafamilia-tickets.com\/es\/wp-json\/wp\/v2\/media?parent=5261"}],"wp:term":[{"taxonomy":"category","embeddable":true,"href":"https:\/\/sagradafamilia-tickets.com\/es\/wp-json\/wp\/v2\/categories?post=5261"},{"taxonomy":"post_tag","embeddable":true,"href":"https:\/\/sagradafamilia-tickets.com\/es\/wp-json\/wp\/v2\/tags?post=5261"}],"curies":[{"name":"wp","href":"https:\/\/api.w.org\/{rel}","templated":true}]}}