{"id":5237,"date":"2021-04-21T09:00:45","date_gmt":"2021-04-21T08:00:45","guid":{"rendered":"https:\/\/sagradafamilia-tickets.com\/?p=5237"},"modified":"2021-04-16T17:00:39","modified_gmt":"2021-04-16T16:00:39","slug":"vidrieras-sagrada-familia-la-luz-en-el-interior","status":"publish","type":"post","link":"https:\/\/sagradafamilia-tickets.com\/es\/blog-sagrada-familia\/vidrieras-sagrada-familia-la-luz-en-el-interior\/","title":{"rendered":"Vidrieras sagrada familia: La luz en el interior"},"content":{"rendered":"<p><span style=\"font-weight: 400;\">\u00ab<\/span><i><span style=\"font-weight: 400;\">El sol es el mejor pintor<\/span><\/i><span style=\"font-weight: 400;\">\u00ab. Esta frase de Gaud\u00ed sirvi\u00f3 a Joan Vila-Grau para aprovechar todas las<\/span><b> ventanas de la Sagrada Familia<\/b><span style=\"font-weight: 400;\"> para dise\u00f1ar una explosi\u00f3n de color en las vidrieras del templo. De esta forma, cada una de ellas corresponde a un tema iconogr\u00e1fico diferente teniendo en cuenta su orientaci\u00f3n y el tipo de luz que reciben. Esto provoca que los efectos lum\u00ednicos del templo sean diferentes aportando una explosi\u00f3n de colores interiores distintos en funci\u00f3n de la hora del d\u00eda que se visite.<\/span><\/p>\n<h2><b>La concepci\u00f3n de la luz de la Sagrada Familia por Gaud\u00ed<\/b><\/h2>\n<p><span style=\"font-weight: 400;\">Al contrario de lo que suele suceder en las catedrales g\u00f3ticas, Gaud\u00ed busc\u00f3 el m\u00e1ximo contraste situando las vidrieras m\u00e1s claras en las partes m\u00e1s altas del templo. Esto implica que se permite la entrada de la<\/span><b> luz en la Sagrada Familia<\/b><span style=\"font-weight: 400;\">, iluminando las b\u00f3vedas y los diferentes mosaicos del templo. Al mismo tiempo, tanto los textos, como las figuraciones de las vidrieras, las puso en la parte m\u00e1s baja para permitir que puedan ser apreciados mejor.<\/span><\/p>\n<p><span style=\"font-weight: 400;\">De esta manera, <\/span><b>la luz en la Sagrada Familia<\/b> <b>se integra perfectamente en la construcci\u00f3n<\/b><span style=\"font-weight: 400;\">, pero al mismo tiempo, la carga de significado, ya que consigue simult\u00e1neamente iluminar el templo y dotarlo de alegor\u00edas espirituales usando vidrieras coloridas capaces de originar grandes efectos emocionales en los visitantes del templo.<\/span><\/p>\n<p><span style=\"font-weight: 400;\">De esta manera, la fachada del Nacimiento aprovecha la luz del amanecer para simular el nacimiento de Jes\u00fas. La de la Pasi\u00f3n, la recibe al atardecer, simbolizando la muerte de Jes\u00fas. Y la fachada de la Gloria consigue un efecto de iluminaci\u00f3n perpetua durante todo el d\u00eda, simbolizando de esta forma la resurrecci\u00f3n.<\/span><\/p>\n<h2><b>El vidrio emplomado, la elecci\u00f3n para las vidrieras de la Sagrada Familia<\/b><\/h2>\n<p><span style=\"font-weight: 400;\">Aunque en un principio Gaud\u00ed pens\u00f3 en la tricrom\u00eda para la concepci\u00f3n de las <\/span><b>vidrieras de la Sagrada Familia<\/b><span style=\"font-weight: 400;\">, al final se decant\u00f3 por el vidrio plomado por las caracter\u00edsticas que aportaba. Los cordones de plomo permiten dividir la vidriera y facilitan su dilataci\u00f3n y movimiento, pero por otro lado, permiten dar din\u00e1mica y ritmo al espectro lum\u00ednico deseado.<\/span><\/p>\n<p><span style=\"font-weight: 400;\">Todo esto puede demostrarse observando las partes altas y las bajas de las vidrieras. En los niveles superiores del templo, se utilizan vidrios transparentes de diferentes texturas. Mientras que en los niveles inferiores, se emplean vidrios emplomados de diferentes colores. El resultado del conjunto es la refracci\u00f3n y descomposici\u00f3n de la <\/span><b>luz de las ventanas de la Sagrada Familia<\/b><span style=\"font-weight: 400;\"> en toda la gama de colores que proporcionan los vidrios emplomados.<\/span><\/p>\n<p><span style=\"font-weight: 400;\">El plomo en los vidrios, es aprovechado por Vila-Grau para la realizaci\u00f3n de sus creaciones abstractas. <\/span><b>Esto provoca en cada visitante una visualizaci\u00f3n \u00fanica e independiente<\/b><span style=\"font-weight: 400;\">, y puedes disfrutarlo si observas de cerca la vidriera de la Resurrecci\u00f3n, ubicada en el transepto de la Pasi\u00f3n, donde con un poco de imaginaci\u00f3n puede visualizarse un Cristo blanco resucitado.<\/span><\/p>\n<p><img loading=\"lazy\" class=\"alignnone size-full wp-image-5241\" src=\"https:\/\/sagradafamilia-tickets.com\/wp-content\/uploads\/2021\/04\/pexels-manuel-torres-garcia-3340899.jpg\" alt=\"\" width=\"640\" height=\"426\" srcset=\"https:\/\/sagradafamilia-tickets.com\/wp-content\/uploads\/2021\/04\/pexels-manuel-torres-garcia-3340899.jpg 640w, https:\/\/sagradafamilia-tickets.com\/wp-content\/uploads\/2021\/04\/pexels-manuel-torres-garcia-3340899-300x200.jpg 300w, https:\/\/sagradafamilia-tickets.com\/wp-content\/uploads\/2021\/04\/pexels-manuel-torres-garcia-3340899-600x399.jpg 600w\" sizes=\"(max-width: 640px) 100vw, 640px\" \/><\/p>\n<h2><b>Las ventanas de la Sagrada Familia y los solsticios<\/b><\/h2>\n<p><span style=\"font-weight: 400;\">Una de las genialidades del dise\u00f1o arquitect\u00f3nico de Gaud\u00ed podemos contemplarla en todo su esplendor si visitamos el templo en el solsticio de invierno. En esta fecha del a\u00f1o, los rayos del sol son pr\u00e1cticamente horizontales, entrando en el interior del templo perpendicularmente a las vidrieras y creando un efecto maravilloso de <\/span><b>iluminaci\u00f3n en la Sagrada Familia<\/b><span style=\"font-weight: 400;\"> compuesto por colores rojizos, provocando un gran incendio de calor en el interior de la bas\u00edlica.<\/span><\/p>\n<p><span style=\"font-weight: 400;\">Si te fijas, <\/span><b>te dar\u00e1s cuenta de que cada roset\u00f3n es proyectado sobre las b\u00f3vedas de enfrente<\/b><span style=\"font-weight: 400;\">, dibuj\u00e1ndose al completo sobre la piedra. Este es uno de los efectos m\u00e1s bellos que pueden admirarse en el templo. Todo esto puede contemplarse de forma progresiva, ya que los tonos rojizos se proyectan inicialmente sobre el suelo, ascendiendo poco a poco por las columnas, hasta que se posicionan en todo su esplendor sobre las b\u00f3vedas.<\/span><\/p>\n<p><span style=\"font-weight: 400;\">Otro de los efectos que pueden contemplarse en esta \u00e9poca del a\u00f1o es ver c\u00f3mo los rayos de sol atraviesan los 60 m de anchura de toda la nave, alcanzando las <\/span><b>ventanas de la Sagrada Familia<\/b><span style=\"font-weight: 400;\"> con sus vidrieras en la fachada contraria. El contraste de colores que se produce mezclando tonalidades verdes y azules, es una de las cosas m\u00e1s impresionantes que suceden gracias al dise\u00f1o del maestro vidriero Vila-Grau.<\/span><\/p>\n<p><span style=\"font-weight: 400;\">Todo esto puede disfrutarse <\/span><b>las dos semanas anteriores y posteriores al solsticio de invierno<\/b><span style=\"font-weight: 400;\">, siempre que haya un d\u00eda claro y sin nubes en poniente. Igualmente, en la fachada del Nacimiento, puede observarse un espect\u00e1culo similar en las dos semanas que rodean al solsticio de verano.<\/span><\/p>\n<p><span style=\"font-weight: 400;\">El genio de Gaud\u00ed y la experiencia del maestro vidriero Joan Vila-Grau, permiten disfrutar al visitante de todos los efectos crom\u00e1ticos producidos por las <\/span><b>ventanas de la Sagrada Familia<\/b><span style=\"font-weight: 400;\"> y sus vidrieras. Y es que, si tienes la suerte de poder visitar el templo varias veces, tendr\u00e1s unas sensaciones \u00fanicas en funci\u00f3n de la hora del d\u00eda y de la fecha del a\u00f1o en la que lo hagas. Todo en la Sagrada Familia es \u00fanico y su luz, representa la grandiosidad de la resurrecci\u00f3n de Nuestro Se\u00f1or.<\/span><\/p>\n","protected":false},"excerpt":{"rendered":"<p>\u00abEl sol es el mejor pintor\u00ab. Esta frase de Gaud\u00ed sirvi\u00f3 a Joan Vila-Grau para aprovechar todas las ventanas de la Sagrada Familia para dise\u00f1ar una explosi\u00f3n de color en las vidrieras del templo. De esta forma, cada una de ellas corresponde a un tema iconogr\u00e1fico diferente teniendo en cuenta su orientaci\u00f3n y el tipo &hellip;<\/p>\n<p class=\"read-more\"> <a class=\"\" href=\"https:\/\/sagradafamilia-tickets.com\/es\/blog-sagrada-familia\/vidrieras-sagrada-familia-la-luz-en-el-interior\/\"> <span class=\"screen-reader-text\">Vidrieras sagrada familia: La luz en el interior<\/span> Leer m\u00e1s &raquo;<\/a><\/p>\n","protected":false},"author":3,"featured_media":5239,"comment_status":"open","ping_status":"open","sticky":false,"template":"","format":"standard","meta":{"site-sidebar-layout":"default","site-content-layout":"default","ast-global-header-display":"","ast-main-header-display":"","ast-hfb-above-header-display":"","ast-hfb-below-header-display":"","ast-hfb-mobile-header-display":"","site-post-title":"","ast-breadcrumbs-content":"","ast-featured-img":"","footer-sml-layout":"","theme-transparent-header-meta":"default","adv-header-id-meta":"","stick-header-meta":"","header-above-stick-meta":"","header-main-stick-meta":"","header-below-stick-meta":""},"categories":[59],"tags":[],"yoast_head":"<!-- This site is optimized with the Yoast SEO plugin v20.4 - https:\/\/yoast.com\/wordpress\/plugins\/seo\/ -->\n<title>Vidrieras sagrada familia: La luz en el interior - Sagrada Familia Barcelona<\/title>\n<meta name=\"robots\" content=\"noindex, follow, max-snippet:-1, max-image-preview:large, max-video-preview:-1\" \/>\n<meta property=\"og:locale\" content=\"es_ES\" \/>\n<meta property=\"og:type\" content=\"article\" \/>\n<meta property=\"og:title\" content=\"Vidrieras sagrada familia: La luz en el interior - Sagrada Familia Barcelona\" \/>\n<meta property=\"og:description\" content=\"\u00abEl sol es el mejor pintor\u00ab. Esta frase de Gaud\u00ed sirvi\u00f3 a Joan Vila-Grau para aprovechar todas las ventanas de la Sagrada Familia para dise\u00f1ar una explosi\u00f3n de color en las vidrieras del templo. De esta forma, cada una de ellas corresponde a un tema iconogr\u00e1fico diferente teniendo en cuenta su orientaci\u00f3n y el tipo &hellip; Vidrieras sagrada familia: La luz en el interior Leer m\u00e1s &raquo;\" \/>\n<meta property=\"og:url\" content=\"https:\/\/sagradafamiliaticket.org\/es\/blog-sagrada-familia\/vidrieras-sagrada-familia-la-luz-en-el-interior\/\" \/>\n<meta property=\"og:site_name\" content=\"Sagrada Familia Barcelona\" \/>\n<meta property=\"article:published_time\" content=\"2021-04-21T08:00:45+00:00\" \/>\n<meta property=\"article:modified_time\" content=\"2021-04-16T16:00:39+00:00\" \/>\n<meta property=\"og:image\" content=\"https:\/\/sagradafamiliaticket.org\/wp-content\/uploads\/2021\/04\/pexels-maria-orlova-4946698.jpg\" \/>\n\t<meta property=\"og:image:width\" content=\"1920\" \/>\n\t<meta property=\"og:image:height\" content=\"1280\" \/>\n\t<meta property=\"og:image:type\" content=\"image\/jpeg\" \/>\n<meta name=\"author\" content=\"Garcia\" \/>\n<meta name=\"twitter:card\" content=\"summary_large_image\" \/>\n<meta name=\"twitter:label1\" content=\"Escrito por\" \/>\n\t<meta name=\"twitter:data1\" content=\"Garcia\" \/>\n\t<meta name=\"twitter:label2\" content=\"Tiempo de lectura\" \/>\n\t<meta name=\"twitter:data2\" content=\"4 minutos\" \/>\n<script type=\"application\/ld+json\" class=\"yoast-schema-graph\">{\"@context\":\"https:\/\/schema.org\",\"@graph\":[{\"@type\":\"Article\",\"@id\":\"https:\/\/sagradafamiliaticket.org\/es\/blog-sagrada-familia\/vidrieras-sagrada-familia-la-luz-en-el-interior\/#article\",\"isPartOf\":{\"@id\":\"https:\/\/sagradafamiliaticket.org\/es\/blog-sagrada-familia\/vidrieras-sagrada-familia-la-luz-en-el-interior\/\"},\"author\":{\"name\":\"Garcia\",\"@id\":\"https:\/\/sagradafamilia-tickets.com\/#\/schema\/person\/23972abafba8c449b1a2910e674ba4ee\"},\"headline\":\"Vidrieras sagrada familia: La luz en el interior\",\"datePublished\":\"2021-04-21T08:00:45+00:00\",\"dateModified\":\"2021-04-16T16:00:39+00:00\",\"mainEntityOfPage\":{\"@id\":\"https:\/\/sagradafamiliaticket.org\/es\/blog-sagrada-familia\/vidrieras-sagrada-familia-la-luz-en-el-interior\/\"},\"wordCount\":903,\"commentCount\":0,\"publisher\":{\"@id\":\"https:\/\/sagradafamilia-tickets.com\/#organization\"},\"articleSection\":[\"Blog de la Sagrada Familia\"],\"inLanguage\":\"es\",\"potentialAction\":[{\"@type\":\"CommentAction\",\"name\":\"Comment\",\"target\":[\"https:\/\/sagradafamiliaticket.org\/es\/blog-sagrada-familia\/vidrieras-sagrada-familia-la-luz-en-el-interior\/#respond\"]}]},{\"@type\":\"WebPage\",\"@id\":\"https:\/\/sagradafamiliaticket.org\/es\/blog-sagrada-familia\/vidrieras-sagrada-familia-la-luz-en-el-interior\/\",\"url\":\"https:\/\/sagradafamiliaticket.org\/es\/blog-sagrada-familia\/vidrieras-sagrada-familia-la-luz-en-el-interior\/\",\"name\":\"Vidrieras sagrada familia: La luz en el interior - Sagrada Familia Barcelona\",\"isPartOf\":{\"@id\":\"https:\/\/sagradafamilia-tickets.com\/#website\"},\"datePublished\":\"2021-04-21T08:00:45+00:00\",\"dateModified\":\"2021-04-16T16:00:39+00:00\",\"breadcrumb\":{\"@id\":\"https:\/\/sagradafamiliaticket.org\/es\/blog-sagrada-familia\/vidrieras-sagrada-familia-la-luz-en-el-interior\/#breadcrumb\"},\"inLanguage\":\"es\",\"potentialAction\":[{\"@type\":\"ReadAction\",\"target\":[\"https:\/\/sagradafamiliaticket.org\/es\/blog-sagrada-familia\/vidrieras-sagrada-familia-la-luz-en-el-interior\/\"]}]},{\"@type\":\"BreadcrumbList\",\"@id\":\"https:\/\/sagradafamiliaticket.org\/es\/blog-sagrada-familia\/vidrieras-sagrada-familia-la-luz-en-el-interior\/#breadcrumb\",\"itemListElement\":[{\"@type\":\"ListItem\",\"position\":1,\"name\":\"Home\",\"item\":\"https:\/\/sagradafamilia-tickets.com\/\"},{\"@type\":\"ListItem\",\"position\":2,\"name\":\"Vidrieras sagrada familia: La luz en el interior\"}]},{\"@type\":\"WebSite\",\"@id\":\"https:\/\/sagradafamilia-tickets.com\/#website\",\"url\":\"https:\/\/sagradafamilia-tickets.com\/\",\"name\":\"Sagrada Familia Barcelona\",\"description\":\"Book Your Tickets &amp; Tours\",\"publisher\":{\"@id\":\"https:\/\/sagradafamilia-tickets.com\/#organization\"},\"potentialAction\":[{\"@type\":\"SearchAction\",\"target\":{\"@type\":\"EntryPoint\",\"urlTemplate\":\"https:\/\/sagradafamilia-tickets.com\/?s={search_term_string}\"},\"query-input\":\"required name=search_term_string\"}],\"inLanguage\":\"es\"},{\"@type\":\"Organization\",\"@id\":\"https:\/\/sagradafamilia-tickets.com\/#organization\",\"name\":\"Sagrada Familia Barcelona\",\"url\":\"https:\/\/sagradafamilia-tickets.com\/\",\"logo\":{\"@type\":\"ImageObject\",\"inLanguage\":\"es\",\"@id\":\"https:\/\/sagradafamilia-tickets.com\/#\/schema\/logo\/image\/\",\"url\":\"https:\/\/sagradafamilia-tickets.com\/wp-content\/uploads\/2022\/08\/Sagrada-Familia-Tick.png\",\"contentUrl\":\"https:\/\/sagradafamilia-tickets.com\/wp-content\/uploads\/2022\/08\/Sagrada-Familia-Tick.png\",\"width\":526,\"height\":50,\"caption\":\"Sagrada Familia Barcelona\"},\"image\":{\"@id\":\"https:\/\/sagradafamilia-tickets.com\/#\/schema\/logo\/image\/\"}},{\"@type\":\"Person\",\"@id\":\"https:\/\/sagradafamilia-tickets.com\/#\/schema\/person\/23972abafba8c449b1a2910e674ba4ee\",\"name\":\"Garcia\",\"image\":{\"@type\":\"ImageObject\",\"inLanguage\":\"es\",\"@id\":\"https:\/\/sagradafamilia-tickets.com\/#\/schema\/person\/image\/\",\"url\":\"https:\/\/secure.gravatar.com\/avatar\/c18a9f903b74d59a1d3e1d78cb040b3e?s=96&d=mm&r=g\",\"contentUrl\":\"https:\/\/secure.gravatar.com\/avatar\/c18a9f903b74d59a1d3e1d78cb040b3e?s=96&d=mm&r=g\",\"caption\":\"Garcia\"}}]}<\/script>\n<!-- \/ Yoast SEO plugin. -->","yoast_head_json":{"title":"Vidrieras sagrada familia: La luz en el interior - Sagrada Familia Barcelona","robots":{"index":"noindex","follow":"follow","max-snippet":"max-snippet:-1","max-image-preview":"max-image-preview:large","max-video-preview":"max-video-preview:-1"},"og_locale":"es_ES","og_type":"article","og_title":"Vidrieras sagrada familia: La luz en el interior - Sagrada Familia Barcelona","og_description":"\u00abEl sol es el mejor pintor\u00ab. Esta frase de Gaud\u00ed sirvi\u00f3 a Joan Vila-Grau para aprovechar todas las ventanas de la Sagrada Familia para dise\u00f1ar una explosi\u00f3n de color en las vidrieras del templo. De esta forma, cada una de ellas corresponde a un tema iconogr\u00e1fico diferente teniendo en cuenta su orientaci\u00f3n y el tipo &hellip; Vidrieras sagrada familia: La luz en el interior Leer m\u00e1s &raquo;","og_url":"https:\/\/sagradafamiliaticket.org\/es\/blog-sagrada-familia\/vidrieras-sagrada-familia-la-luz-en-el-interior\/","og_site_name":"Sagrada Familia Barcelona","article_published_time":"2021-04-21T08:00:45+00:00","article_modified_time":"2021-04-16T16:00:39+00:00","og_image":[{"width":1920,"height":1280,"url":"https:\/\/sagradafamiliaticket.org\/wp-content\/uploads\/2021\/04\/pexels-maria-orlova-4946698.jpg","type":"image\/jpeg"}],"author":"Garcia","twitter_card":"summary_large_image","twitter_misc":{"Escrito por":"Garcia","Tiempo de lectura":"4 minutos"},"schema":{"@context":"https:\/\/schema.org","@graph":[{"@type":"Article","@id":"https:\/\/sagradafamiliaticket.org\/es\/blog-sagrada-familia\/vidrieras-sagrada-familia-la-luz-en-el-interior\/#article","isPartOf":{"@id":"https:\/\/sagradafamiliaticket.org\/es\/blog-sagrada-familia\/vidrieras-sagrada-familia-la-luz-en-el-interior\/"},"author":{"name":"Garcia","@id":"https:\/\/sagradafamilia-tickets.com\/#\/schema\/person\/23972abafba8c449b1a2910e674ba4ee"},"headline":"Vidrieras sagrada familia: La luz en el interior","datePublished":"2021-04-21T08:00:45+00:00","dateModified":"2021-04-16T16:00:39+00:00","mainEntityOfPage":{"@id":"https:\/\/sagradafamiliaticket.org\/es\/blog-sagrada-familia\/vidrieras-sagrada-familia-la-luz-en-el-interior\/"},"wordCount":903,"commentCount":0,"publisher":{"@id":"https:\/\/sagradafamilia-tickets.com\/#organization"},"articleSection":["Blog de la Sagrada Familia"],"inLanguage":"es","potentialAction":[{"@type":"CommentAction","name":"Comment","target":["https:\/\/sagradafamiliaticket.org\/es\/blog-sagrada-familia\/vidrieras-sagrada-familia-la-luz-en-el-interior\/#respond"]}]},{"@type":"WebPage","@id":"https:\/\/sagradafamiliaticket.org\/es\/blog-sagrada-familia\/vidrieras-sagrada-familia-la-luz-en-el-interior\/","url":"https:\/\/sagradafamiliaticket.org\/es\/blog-sagrada-familia\/vidrieras-sagrada-familia-la-luz-en-el-interior\/","name":"Vidrieras sagrada familia: La luz en el interior - Sagrada Familia Barcelona","isPartOf":{"@id":"https:\/\/sagradafamilia-tickets.com\/#website"},"datePublished":"2021-04-21T08:00:45+00:00","dateModified":"2021-04-16T16:00:39+00:00","breadcrumb":{"@id":"https:\/\/sagradafamiliaticket.org\/es\/blog-sagrada-familia\/vidrieras-sagrada-familia-la-luz-en-el-interior\/#breadcrumb"},"inLanguage":"es","potentialAction":[{"@type":"ReadAction","target":["https:\/\/sagradafamiliaticket.org\/es\/blog-sagrada-familia\/vidrieras-sagrada-familia-la-luz-en-el-interior\/"]}]},{"@type":"BreadcrumbList","@id":"https:\/\/sagradafamiliaticket.org\/es\/blog-sagrada-familia\/vidrieras-sagrada-familia-la-luz-en-el-interior\/#breadcrumb","itemListElement":[{"@type":"ListItem","position":1,"name":"Home","item":"https:\/\/sagradafamilia-tickets.com\/"},{"@type":"ListItem","position":2,"name":"Vidrieras sagrada familia: La luz en el interior"}]},{"@type":"WebSite","@id":"https:\/\/sagradafamilia-tickets.com\/#website","url":"https:\/\/sagradafamilia-tickets.com\/","name":"Sagrada Familia Barcelona","description":"Book Your Tickets &amp; Tours","publisher":{"@id":"https:\/\/sagradafamilia-tickets.com\/#organization"},"potentialAction":[{"@type":"SearchAction","target":{"@type":"EntryPoint","urlTemplate":"https:\/\/sagradafamilia-tickets.com\/?s={search_term_string}"},"query-input":"required name=search_term_string"}],"inLanguage":"es"},{"@type":"Organization","@id":"https:\/\/sagradafamilia-tickets.com\/#organization","name":"Sagrada Familia Barcelona","url":"https:\/\/sagradafamilia-tickets.com\/","logo":{"@type":"ImageObject","inLanguage":"es","@id":"https:\/\/sagradafamilia-tickets.com\/#\/schema\/logo\/image\/","url":"https:\/\/sagradafamilia-tickets.com\/wp-content\/uploads\/2022\/08\/Sagrada-Familia-Tick.png","contentUrl":"https:\/\/sagradafamilia-tickets.com\/wp-content\/uploads\/2022\/08\/Sagrada-Familia-Tick.png","width":526,"height":50,"caption":"Sagrada Familia Barcelona"},"image":{"@id":"https:\/\/sagradafamilia-tickets.com\/#\/schema\/logo\/image\/"}},{"@type":"Person","@id":"https:\/\/sagradafamilia-tickets.com\/#\/schema\/person\/23972abafba8c449b1a2910e674ba4ee","name":"Garcia","image":{"@type":"ImageObject","inLanguage":"es","@id":"https:\/\/sagradafamilia-tickets.com\/#\/schema\/person\/image\/","url":"https:\/\/secure.gravatar.com\/avatar\/c18a9f903b74d59a1d3e1d78cb040b3e?s=96&d=mm&r=g","contentUrl":"https:\/\/secure.gravatar.com\/avatar\/c18a9f903b74d59a1d3e1d78cb040b3e?s=96&d=mm&r=g","caption":"Garcia"}}]}},"_links":{"self":[{"href":"https:\/\/sagradafamilia-tickets.com\/es\/wp-json\/wp\/v2\/posts\/5237"}],"collection":[{"href":"https:\/\/sagradafamilia-tickets.com\/es\/wp-json\/wp\/v2\/posts"}],"about":[{"href":"https:\/\/sagradafamilia-tickets.com\/es\/wp-json\/wp\/v2\/types\/post"}],"author":[{"embeddable":true,"href":"https:\/\/sagradafamilia-tickets.com\/es\/wp-json\/wp\/v2\/users\/3"}],"replies":[{"embeddable":true,"href":"https:\/\/sagradafamilia-tickets.com\/es\/wp-json\/wp\/v2\/comments?post=5237"}],"version-history":[{"count":1,"href":"https:\/\/sagradafamilia-tickets.com\/es\/wp-json\/wp\/v2\/posts\/5237\/revisions"}],"predecessor-version":[{"id":5243,"href":"https:\/\/sagradafamilia-tickets.com\/es\/wp-json\/wp\/v2\/posts\/5237\/revisions\/5243"}],"wp:featuredmedia":[{"embeddable":true,"href":"https:\/\/sagradafamilia-tickets.com\/es\/wp-json\/wp\/v2\/media\/5239"}],"wp:attachment":[{"href":"https:\/\/sagradafamilia-tickets.com\/es\/wp-json\/wp\/v2\/media?parent=5237"}],"wp:term":[{"taxonomy":"category","embeddable":true,"href":"https:\/\/sagradafamilia-tickets.com\/es\/wp-json\/wp\/v2\/categories?post=5237"},{"taxonomy":"post_tag","embeddable":true,"href":"https:\/\/sagradafamilia-tickets.com\/es\/wp-json\/wp\/v2\/tags?post=5237"}],"curies":[{"name":"wp","href":"https:\/\/api.w.org\/{rel}","templated":true}]}}