{"id":5170,"date":"2021-04-14T12:37:59","date_gmt":"2021-04-14T12:37:59","guid":{"rendered":"https:\/\/sagradafamilia-tickets.com\/?p=5170"},"modified":"2021-04-14T12:38:15","modified_gmt":"2021-04-14T12:38:15","slug":"los-arquitectos-de-la-sagrada-familia-desde-gaudi-hasta-hoy","status":"publish","type":"post","link":"https:\/\/sagradafamilia-tickets.com\/es\/blog-sagrada-familia\/los-arquitectos-de-la-sagrada-familia-desde-gaudi-hasta-hoy\/","title":{"rendered":"Los arquitectos de la Sagrada Familia: Desde Gaud\u00ed hasta hoy"},"content":{"rendered":"<p><span style=\"font-weight: 400;\">Asociar la Sagrada Familia con Gaud\u00ed es algo que casi la mayor parte del mundo conoce. Si bien es verdad que sin Gaud\u00ed ser\u00eda imposible contemplar este bell\u00edsimo templo, la realidad es que a lo largo de sus 139 a\u00f1os de historia ha sido necesaria la colaboraci\u00f3n de varios <\/span><b>arquitectos en la Sagrada Familia. <\/b><span style=\"font-weight: 400;\">Y es gracias a todos ellos que hoy en d\u00eda podemos contemplar en la actualidad esta magn\u00edfica construcci\u00f3n, a\u00fan inacabada.<\/span><\/p>\n<p><span style=\"font-weight: 400;\">Pero comencemos con el principio. <\/span><b>Fue Francisco de Paula del Villar quien obtuvo el encargo de dise\u00f1ar la Sagrada Familia en el a\u00f1o 1882<\/b><span style=\"font-weight: 400;\">. El dise\u00f1o original de la Sagrada Familia lo realiz\u00f3 aplicando las f\u00f3rmulas caracter\u00edsticas del estilo neog\u00f3tico, muy popular en las construcciones de la \u00e9poca. Pero, debido al alto coste de las obras y al de los materiales empleados, fue destituido al a\u00f1o siguiente y se le dio la oportunidad a un joven arquitecto que empezaba a despuntar por sus dise\u00f1os originales y la belleza de sus proyectos.<\/span><\/p>\n<p><span style=\"font-weight: 400;\">Este arquitecto era Antoni Gaud\u00ed, quien asume el proyecto y se encarga de redise\u00f1arlo, asumiendo la direcci\u00f3n de las obras hasta el d\u00eda de su muerte, en el a\u00f1o 1926. A partir de esta fecha, han sido numerosos los <\/span><b>arquitectos de la Sagrada Familia<\/b><span style=\"font-weight: 400;\"> hasta nuestros d\u00edas. Y este es su recorrido.<\/span><\/p>\n<h2><b>Dom\u00e8nec Sugranyes (1926-1938)<\/b><\/h2>\n<p><span style=\"font-weight: 400;\">Fue Dom\u00e8nec Sugra\u00f1es i Gras qui\u00e9n tom\u00f3 el relevo de Gaud\u00ed tras su muerte. Arquitecto modernista y uno de los principales colaboradores de Gaud\u00ed, era especialista en c\u00e1lculo de estructuras y es <\/span><b>quien realiz\u00f3 el dise\u00f1o estructural de la Sagrada Familia cuando todav\u00eda asum\u00eda las tareas de colaboraci\u00f3n<\/b><span style=\"font-weight: 400;\">. Durante los 12 a\u00f1os que dur\u00f3 su direcci\u00f3n, dej\u00f3 pr\u00e1cticamente finalizada la fachada del Nacimiento.<\/span><\/p>\n<h2><b>Francesc de Paula Quintana (1939-1966)<\/b><\/h2>\n<p><span style=\"font-weight: 400;\">Francesc de Paula Quintana i Vidal, otro de los principales disc\u00edpulos de Gaud\u00ed, toma el relevo de Sugranyes a su fallecimiento. Es el responsable de <\/span><b>la reconstrucci\u00f3n y recuperaci\u00f3n de toda la documentaci\u00f3n destruida<\/b><span style=\"font-weight: 400;\"> debido a los actos vand\u00e1licos acaecidos en el templo en la \u00e9poca de la Guerra Civil. De esta manera, fue posible poder continuar con las obras de construcci\u00f3n.<\/span><\/p>\n<p><span style=\"font-weight: 400;\">Durante su periodo de direcci\u00f3n de las obras, se finaliza por completo la fachada del Nacimiento, se inicia la fachada de la Pasi\u00f3n y se inaugura el museo destinado a explicar a los visitantes todas las peculiaridades de la Sagrada Familia.<\/span><\/p>\n<h2><b>Isidre Puig i Boada y Llu\u00eds Bonet i Gar\u00ed (1966-1983)<\/b><\/h2>\n<p><span style=\"font-weight: 400;\">Ambos arquitectos, disc\u00edpulos tambi\u00e9n de Gaud\u00ed, son designados en colaboraci\u00f3n para continuar la direcci\u00f3n de las obras. Durante su direcci\u00f3n, se concluyen los campanarios de la fachada de la Pasi\u00f3n y se inician las obras de construcci\u00f3n de las fachadas de las naves laterales.<\/span><\/p>\n<p><img loading=\"lazy\" class=\"alignnone wp-image-3891 size-full\" src=\"https:\/\/sagradafamilia-tickets.com\/wp-content\/uploads\/2020\/07\/basilica.jpg\" alt=\"\" width=\"552\" height=\"505\" srcset=\"https:\/\/sagradafamilia-tickets.com\/wp-content\/uploads\/2020\/07\/basilica.jpg 552w, https:\/\/sagradafamilia-tickets.com\/wp-content\/uploads\/2020\/07\/basilica-300x274.jpg 300w\" sizes=\"(max-width: 552px) 100vw, 552px\" \/><\/p>\n<h2><b>Francesc Cardoner (1983-1985)<\/b><\/h2>\n<p><span style=\"font-weight: 400;\">Francesc de Paula Cardoner i Blanch, era colaborador de los arquitectos anteriores y asume la direcci\u00f3n de las obras durante un breve periodo de tiempo en el que contin\u00faan las obras en las fachadas laterales. Adem\u00e1s, fue el arquitecto proyectista de la Casa Museo Gaud\u00ed.<\/span><\/p>\n<h2><b>Jordi Bonet i Armengol (1985-2012)<\/b><\/h2>\n<p><span style=\"font-weight: 400;\">Hijo de otro de los <\/span><b>arquitectos de la Sagrada Familia,<\/b><span style=\"font-weight: 400;\"> Lluis Bonet, asume la direcci\u00f3n de las obras durante un gran periodo de tiempo. Durante estos a\u00f1os, se produce el encargo escult\u00f3rico del templo a Josep Maria Subirachs, quien en estrecha colaboraci\u00f3n con Jordi Bonet, son los responsables de que podamos admirar hoy en d\u00eda todo el conjunto escult\u00f3rico dedicado a la Pasi\u00f3n de Cristo.<\/span><\/p>\n<p><span style=\"font-weight: 400;\">En este periodo de direcci\u00f3n de obras, se empiezan a construir los cimientos de todas las naves y se ejecutan las b\u00f3vedas, columnas y fachadas de la nave principal. Al mismo tiempo, es <\/span><b>cuando se producen los nombramientos de Patrimonio de la Humanidad<\/b><span style=\"font-weight: 400;\"> por parte de la UNESCO a la cripta del templo y a la fachada del Nacimiento. Por otro lado, el 7 de noviembre de 2010, la Sagrada Familia es considerada como Bas\u00edlica menor, nombramiento efectuado por el papa Benedicto XVI.<\/span><\/p>\n<h2><b>Jordi Faul\u00ed (2012)<\/b><\/h2>\n<p><span style=\"font-weight: 400;\">Jordi Faul\u00ed i Oller, quien en 1990 fue incorporado a las obras como colaborador de Jordi Bonet, asume la direcci\u00f3n y <\/span><b>es el responsable hoy en d\u00eda del avance de las obras<\/b><span style=\"font-weight: 400;\">. Durante estos 9 a\u00f1os, se inician las obras de las torres de los Evangelistas y de Mar\u00eda y Jes\u00fas. Al mismo tiempo, se finaliza la sacrist\u00eda del poniente y del fant\u00e1stico claustro dedicado a la Virgen de los Dolores.<\/span><\/p>\n<p><span style=\"font-weight: 400;\">Al d\u00eda de hoy, la Sagrada Familia se encuentra en fase de finalizaci\u00f3n de la torre de la Virgen Mar\u00eda, la segunda m\u00e1s alta del templo con 138 m de altura.<\/span><\/p>\n<h2><b>Otras colaboraciones de arquitectos en la Sagrada Familia<\/b><\/h2>\n<p><span style=\"font-weight: 400;\">En una obra de esta envergadura, es necesaria la colaboraci\u00f3n de multitud de profesionales en las que sin su aportaci\u00f3n, hubiera sido imposible realizar esta bella construcci\u00f3n. Aunque no han ostentado el t\u00edtulo de director de las obras, merecen un reconocimiento. Y por sus m\u00e9ritos y dedicaci\u00f3n, pertenecen al fant\u00e1stico elenco de <\/span><b>arquitectos de la Sagrada Familia<\/b><span style=\"font-weight: 400;\">.<\/span><\/p>\n<p><span style=\"font-weight: 400;\">Tal es el caso de nombres como <\/span><b>Francesc Berenguer i Mestres, Joan Rubi\u00f3 i Bellver<\/b><span style=\"font-weight: 400;\">, ambos colaboradores y disc\u00edpulos de Gaud\u00ed, que gracias a sus conocimientos y dedicaci\u00f3n, ha sido posible que hoy en d\u00eda podemos admirar una de las maravillas modernas de la humanidad.<\/span><\/p>\n<p><span style=\"font-weight: 400;\">Gracias a todos estos profesionales, desde los <\/span><b>arquitectos de la Sagrada Familia<\/b><span style=\"font-weight: 400;\">, hasta sus escultores, pasando por los maestros artesanos y personas especializadas en diversos oficios, que han estado trabajando con dedicaci\u00f3n a lo largo de estos 139 a\u00f1os, podemos contemplar hoy en d\u00eda el estado actual de la Bas\u00edlica. Y a la espera de poder contemplarla el d\u00eda de su finalizaci\u00f3n, no podemos m\u00e1s que hacerles un homenaje y agradecer la belleza que han contribuido a crear.<\/span><\/p>\n","protected":false},"excerpt":{"rendered":"<p>Asociar la Sagrada Familia con Gaud\u00ed es algo que casi la mayor parte del mundo conoce. Si bien es verdad que sin Gaud\u00ed ser\u00eda imposible contemplar este bell\u00edsimo templo, la realidad es que a lo largo de sus 139 a\u00f1os de historia ha sido necesaria la colaboraci\u00f3n de varios arquitectos en la Sagrada Familia. Y &hellip;<\/p>\n<p class=\"read-more\"> <a class=\"\" href=\"https:\/\/sagradafamilia-tickets.com\/es\/blog-sagrada-familia\/los-arquitectos-de-la-sagrada-familia-desde-gaudi-hasta-hoy\/\"> <span class=\"screen-reader-text\">Los arquitectos de la Sagrada Familia: Desde Gaud\u00ed hasta hoy<\/span> Leer m\u00e1s &raquo;<\/a><\/p>\n","protected":false},"author":3,"featured_media":3877,"comment_status":"open","ping_status":"open","sticky":false,"template":"","format":"standard","meta":{"site-sidebar-layout":"default","site-content-layout":"default","ast-global-header-display":"","ast-main-header-display":"","ast-hfb-above-header-display":"","ast-hfb-below-header-display":"","ast-hfb-mobile-header-display":"","site-post-title":"","ast-breadcrumbs-content":"","ast-featured-img":"","footer-sml-layout":"","theme-transparent-header-meta":"default","adv-header-id-meta":"","stick-header-meta":"","header-above-stick-meta":"","header-main-stick-meta":"","header-below-stick-meta":""},"categories":[59],"tags":[],"yoast_head":"<!-- This site is optimized with the Yoast SEO plugin v20.4 - https:\/\/yoast.com\/wordpress\/plugins\/seo\/ -->\n<title>Los arquitectos de la Sagrada Familia: Desde Gaud\u00ed hasta hoy - Sagrada Familia Barcelona<\/title>\n<meta name=\"robots\" content=\"noindex, follow, max-snippet:-1, max-image-preview:large, max-video-preview:-1\" \/>\n<meta property=\"og:locale\" content=\"es_ES\" \/>\n<meta property=\"og:type\" content=\"article\" \/>\n<meta property=\"og:title\" content=\"Los arquitectos de la Sagrada Familia: Desde Gaud\u00ed hasta hoy - Sagrada Familia Barcelona\" \/>\n<meta property=\"og:description\" content=\"Asociar la Sagrada Familia con Gaud\u00ed es algo que casi la mayor parte del mundo conoce. Si bien es verdad que sin Gaud\u00ed ser\u00eda imposible contemplar este bell\u00edsimo templo, la realidad es que a lo largo de sus 139 a\u00f1os de historia ha sido necesaria la colaboraci\u00f3n de varios arquitectos en la Sagrada Familia. Y &hellip; Los arquitectos de la Sagrada Familia: Desde Gaud\u00ed hasta hoy Leer m\u00e1s &raquo;\" \/>\n<meta property=\"og:url\" content=\"https:\/\/sagradafamiliaticket.org\/es\/blog-sagrada-familia\/los-arquitectos-de-la-sagrada-familia-desde-gaudi-hasta-hoy\/\" \/>\n<meta property=\"og:site_name\" content=\"Sagrada Familia Barcelona\" \/>\n<meta property=\"article:published_time\" content=\"2021-04-14T12:37:59+00:00\" \/>\n<meta property=\"article:modified_time\" content=\"2021-04-14T12:38:15+00:00\" \/>\n<meta property=\"og:image\" content=\"https:\/\/sagradafamiliaticket.org\/wp-content\/uploads\/2020\/07\/safa-history3-22.jpg\" \/>\n\t<meta property=\"og:image:width\" content=\"407\" \/>\n\t<meta property=\"og:image:height\" content=\"444\" \/>\n\t<meta property=\"og:image:type\" content=\"image\/jpeg\" \/>\n<meta name=\"author\" content=\"Garcia\" \/>\n<meta name=\"twitter:card\" content=\"summary_large_image\" \/>\n<meta name=\"twitter:label1\" content=\"Escrito por\" \/>\n\t<meta name=\"twitter:data1\" content=\"Garcia\" \/>\n\t<meta name=\"twitter:label2\" content=\"Tiempo de lectura\" \/>\n\t<meta name=\"twitter:data2\" content=\"5 minutos\" \/>\n<script type=\"application\/ld+json\" class=\"yoast-schema-graph\">{\"@context\":\"https:\/\/schema.org\",\"@graph\":[{\"@type\":\"Article\",\"@id\":\"https:\/\/sagradafamiliaticket.org\/es\/blog-sagrada-familia\/los-arquitectos-de-la-sagrada-familia-desde-gaudi-hasta-hoy\/#article\",\"isPartOf\":{\"@id\":\"https:\/\/sagradafamiliaticket.org\/es\/blog-sagrada-familia\/los-arquitectos-de-la-sagrada-familia-desde-gaudi-hasta-hoy\/\"},\"author\":{\"name\":\"Garcia\",\"@id\":\"https:\/\/sagradafamilia-tickets.com\/#\/schema\/person\/23972abafba8c449b1a2910e674ba4ee\"},\"headline\":\"Los arquitectos de la Sagrada Familia: Desde Gaud\u00ed hasta hoy\",\"datePublished\":\"2021-04-14T12:37:59+00:00\",\"dateModified\":\"2021-04-14T12:38:15+00:00\",\"mainEntityOfPage\":{\"@id\":\"https:\/\/sagradafamiliaticket.org\/es\/blog-sagrada-familia\/los-arquitectos-de-la-sagrada-familia-desde-gaudi-hasta-hoy\/\"},\"wordCount\":1028,\"commentCount\":0,\"publisher\":{\"@id\":\"https:\/\/sagradafamilia-tickets.com\/#organization\"},\"articleSection\":[\"Blog de la Sagrada Familia\"],\"inLanguage\":\"es\",\"potentialAction\":[{\"@type\":\"CommentAction\",\"name\":\"Comment\",\"target\":[\"https:\/\/sagradafamiliaticket.org\/es\/blog-sagrada-familia\/los-arquitectos-de-la-sagrada-familia-desde-gaudi-hasta-hoy\/#respond\"]}]},{\"@type\":\"WebPage\",\"@id\":\"https:\/\/sagradafamiliaticket.org\/es\/blog-sagrada-familia\/los-arquitectos-de-la-sagrada-familia-desde-gaudi-hasta-hoy\/\",\"url\":\"https:\/\/sagradafamiliaticket.org\/es\/blog-sagrada-familia\/los-arquitectos-de-la-sagrada-familia-desde-gaudi-hasta-hoy\/\",\"name\":\"Los arquitectos de la Sagrada Familia: Desde Gaud\u00ed hasta hoy - Sagrada Familia Barcelona\",\"isPartOf\":{\"@id\":\"https:\/\/sagradafamilia-tickets.com\/#website\"},\"datePublished\":\"2021-04-14T12:37:59+00:00\",\"dateModified\":\"2021-04-14T12:38:15+00:00\",\"breadcrumb\":{\"@id\":\"https:\/\/sagradafamiliaticket.org\/es\/blog-sagrada-familia\/los-arquitectos-de-la-sagrada-familia-desde-gaudi-hasta-hoy\/#breadcrumb\"},\"inLanguage\":\"es\",\"potentialAction\":[{\"@type\":\"ReadAction\",\"target\":[\"https:\/\/sagradafamiliaticket.org\/es\/blog-sagrada-familia\/los-arquitectos-de-la-sagrada-familia-desde-gaudi-hasta-hoy\/\"]}]},{\"@type\":\"BreadcrumbList\",\"@id\":\"https:\/\/sagradafamiliaticket.org\/es\/blog-sagrada-familia\/los-arquitectos-de-la-sagrada-familia-desde-gaudi-hasta-hoy\/#breadcrumb\",\"itemListElement\":[{\"@type\":\"ListItem\",\"position\":1,\"name\":\"Home\",\"item\":\"https:\/\/sagradafamilia-tickets.com\/\"},{\"@type\":\"ListItem\",\"position\":2,\"name\":\"Los arquitectos de la Sagrada Familia: Desde Gaud\u00ed hasta hoy\"}]},{\"@type\":\"WebSite\",\"@id\":\"https:\/\/sagradafamilia-tickets.com\/#website\",\"url\":\"https:\/\/sagradafamilia-tickets.com\/\",\"name\":\"Sagrada Familia Barcelona\",\"description\":\"Book Your Tickets &amp; Tours\",\"publisher\":{\"@id\":\"https:\/\/sagradafamilia-tickets.com\/#organization\"},\"potentialAction\":[{\"@type\":\"SearchAction\",\"target\":{\"@type\":\"EntryPoint\",\"urlTemplate\":\"https:\/\/sagradafamilia-tickets.com\/?s={search_term_string}\"},\"query-input\":\"required name=search_term_string\"}],\"inLanguage\":\"es\"},{\"@type\":\"Organization\",\"@id\":\"https:\/\/sagradafamilia-tickets.com\/#organization\",\"name\":\"Sagrada Familia Barcelona\",\"url\":\"https:\/\/sagradafamilia-tickets.com\/\",\"logo\":{\"@type\":\"ImageObject\",\"inLanguage\":\"es\",\"@id\":\"https:\/\/sagradafamilia-tickets.com\/#\/schema\/logo\/image\/\",\"url\":\"https:\/\/sagradafamilia-tickets.com\/wp-content\/uploads\/2022\/08\/Sagrada-Familia-Tick.png\",\"contentUrl\":\"https:\/\/sagradafamilia-tickets.com\/wp-content\/uploads\/2022\/08\/Sagrada-Familia-Tick.png\",\"width\":526,\"height\":50,\"caption\":\"Sagrada Familia Barcelona\"},\"image\":{\"@id\":\"https:\/\/sagradafamilia-tickets.com\/#\/schema\/logo\/image\/\"}},{\"@type\":\"Person\",\"@id\":\"https:\/\/sagradafamilia-tickets.com\/#\/schema\/person\/23972abafba8c449b1a2910e674ba4ee\",\"name\":\"Garcia\",\"image\":{\"@type\":\"ImageObject\",\"inLanguage\":\"es\",\"@id\":\"https:\/\/sagradafamilia-tickets.com\/#\/schema\/person\/image\/\",\"url\":\"https:\/\/secure.gravatar.com\/avatar\/c18a9f903b74d59a1d3e1d78cb040b3e?s=96&d=mm&r=g\",\"contentUrl\":\"https:\/\/secure.gravatar.com\/avatar\/c18a9f903b74d59a1d3e1d78cb040b3e?s=96&d=mm&r=g\",\"caption\":\"Garcia\"}}]}<\/script>\n<!-- \/ Yoast SEO plugin. -->","yoast_head_json":{"title":"Los arquitectos de la Sagrada Familia: Desde Gaud\u00ed hasta hoy - Sagrada Familia Barcelona","robots":{"index":"noindex","follow":"follow","max-snippet":"max-snippet:-1","max-image-preview":"max-image-preview:large","max-video-preview":"max-video-preview:-1"},"og_locale":"es_ES","og_type":"article","og_title":"Los arquitectos de la Sagrada Familia: Desde Gaud\u00ed hasta hoy - Sagrada Familia Barcelona","og_description":"Asociar la Sagrada Familia con Gaud\u00ed es algo que casi la mayor parte del mundo conoce. Si bien es verdad que sin Gaud\u00ed ser\u00eda imposible contemplar este bell\u00edsimo templo, la realidad es que a lo largo de sus 139 a\u00f1os de historia ha sido necesaria la colaboraci\u00f3n de varios arquitectos en la Sagrada Familia. Y &hellip; Los arquitectos de la Sagrada Familia: Desde Gaud\u00ed hasta hoy Leer m\u00e1s &raquo;","og_url":"https:\/\/sagradafamiliaticket.org\/es\/blog-sagrada-familia\/los-arquitectos-de-la-sagrada-familia-desde-gaudi-hasta-hoy\/","og_site_name":"Sagrada Familia Barcelona","article_published_time":"2021-04-14T12:37:59+00:00","article_modified_time":"2021-04-14T12:38:15+00:00","og_image":[{"width":407,"height":444,"url":"https:\/\/sagradafamiliaticket.org\/wp-content\/uploads\/2020\/07\/safa-history3-22.jpg","type":"image\/jpeg"}],"author":"Garcia","twitter_card":"summary_large_image","twitter_misc":{"Escrito por":"Garcia","Tiempo de lectura":"5 minutos"},"schema":{"@context":"https:\/\/schema.org","@graph":[{"@type":"Article","@id":"https:\/\/sagradafamiliaticket.org\/es\/blog-sagrada-familia\/los-arquitectos-de-la-sagrada-familia-desde-gaudi-hasta-hoy\/#article","isPartOf":{"@id":"https:\/\/sagradafamiliaticket.org\/es\/blog-sagrada-familia\/los-arquitectos-de-la-sagrada-familia-desde-gaudi-hasta-hoy\/"},"author":{"name":"Garcia","@id":"https:\/\/sagradafamilia-tickets.com\/#\/schema\/person\/23972abafba8c449b1a2910e674ba4ee"},"headline":"Los arquitectos de la Sagrada Familia: Desde Gaud\u00ed hasta hoy","datePublished":"2021-04-14T12:37:59+00:00","dateModified":"2021-04-14T12:38:15+00:00","mainEntityOfPage":{"@id":"https:\/\/sagradafamiliaticket.org\/es\/blog-sagrada-familia\/los-arquitectos-de-la-sagrada-familia-desde-gaudi-hasta-hoy\/"},"wordCount":1028,"commentCount":0,"publisher":{"@id":"https:\/\/sagradafamilia-tickets.com\/#organization"},"articleSection":["Blog de la Sagrada Familia"],"inLanguage":"es","potentialAction":[{"@type":"CommentAction","name":"Comment","target":["https:\/\/sagradafamiliaticket.org\/es\/blog-sagrada-familia\/los-arquitectos-de-la-sagrada-familia-desde-gaudi-hasta-hoy\/#respond"]}]},{"@type":"WebPage","@id":"https:\/\/sagradafamiliaticket.org\/es\/blog-sagrada-familia\/los-arquitectos-de-la-sagrada-familia-desde-gaudi-hasta-hoy\/","url":"https:\/\/sagradafamiliaticket.org\/es\/blog-sagrada-familia\/los-arquitectos-de-la-sagrada-familia-desde-gaudi-hasta-hoy\/","name":"Los arquitectos de la Sagrada Familia: Desde Gaud\u00ed hasta hoy - Sagrada Familia Barcelona","isPartOf":{"@id":"https:\/\/sagradafamilia-tickets.com\/#website"},"datePublished":"2021-04-14T12:37:59+00:00","dateModified":"2021-04-14T12:38:15+00:00","breadcrumb":{"@id":"https:\/\/sagradafamiliaticket.org\/es\/blog-sagrada-familia\/los-arquitectos-de-la-sagrada-familia-desde-gaudi-hasta-hoy\/#breadcrumb"},"inLanguage":"es","potentialAction":[{"@type":"ReadAction","target":["https:\/\/sagradafamiliaticket.org\/es\/blog-sagrada-familia\/los-arquitectos-de-la-sagrada-familia-desde-gaudi-hasta-hoy\/"]}]},{"@type":"BreadcrumbList","@id":"https:\/\/sagradafamiliaticket.org\/es\/blog-sagrada-familia\/los-arquitectos-de-la-sagrada-familia-desde-gaudi-hasta-hoy\/#breadcrumb","itemListElement":[{"@type":"ListItem","position":1,"name":"Home","item":"https:\/\/sagradafamilia-tickets.com\/"},{"@type":"ListItem","position":2,"name":"Los arquitectos de la Sagrada Familia: Desde Gaud\u00ed hasta hoy"}]},{"@type":"WebSite","@id":"https:\/\/sagradafamilia-tickets.com\/#website","url":"https:\/\/sagradafamilia-tickets.com\/","name":"Sagrada Familia Barcelona","description":"Book Your Tickets &amp; Tours","publisher":{"@id":"https:\/\/sagradafamilia-tickets.com\/#organization"},"potentialAction":[{"@type":"SearchAction","target":{"@type":"EntryPoint","urlTemplate":"https:\/\/sagradafamilia-tickets.com\/?s={search_term_string}"},"query-input":"required name=search_term_string"}],"inLanguage":"es"},{"@type":"Organization","@id":"https:\/\/sagradafamilia-tickets.com\/#organization","name":"Sagrada Familia Barcelona","url":"https:\/\/sagradafamilia-tickets.com\/","logo":{"@type":"ImageObject","inLanguage":"es","@id":"https:\/\/sagradafamilia-tickets.com\/#\/schema\/logo\/image\/","url":"https:\/\/sagradafamilia-tickets.com\/wp-content\/uploads\/2022\/08\/Sagrada-Familia-Tick.png","contentUrl":"https:\/\/sagradafamilia-tickets.com\/wp-content\/uploads\/2022\/08\/Sagrada-Familia-Tick.png","width":526,"height":50,"caption":"Sagrada Familia Barcelona"},"image":{"@id":"https:\/\/sagradafamilia-tickets.com\/#\/schema\/logo\/image\/"}},{"@type":"Person","@id":"https:\/\/sagradafamilia-tickets.com\/#\/schema\/person\/23972abafba8c449b1a2910e674ba4ee","name":"Garcia","image":{"@type":"ImageObject","inLanguage":"es","@id":"https:\/\/sagradafamilia-tickets.com\/#\/schema\/person\/image\/","url":"https:\/\/secure.gravatar.com\/avatar\/c18a9f903b74d59a1d3e1d78cb040b3e?s=96&d=mm&r=g","contentUrl":"https:\/\/secure.gravatar.com\/avatar\/c18a9f903b74d59a1d3e1d78cb040b3e?s=96&d=mm&r=g","caption":"Garcia"}}]}},"_links":{"self":[{"href":"https:\/\/sagradafamilia-tickets.com\/es\/wp-json\/wp\/v2\/posts\/5170"}],"collection":[{"href":"https:\/\/sagradafamilia-tickets.com\/es\/wp-json\/wp\/v2\/posts"}],"about":[{"href":"https:\/\/sagradafamilia-tickets.com\/es\/wp-json\/wp\/v2\/types\/post"}],"author":[{"embeddable":true,"href":"https:\/\/sagradafamilia-tickets.com\/es\/wp-json\/wp\/v2\/users\/3"}],"replies":[{"embeddable":true,"href":"https:\/\/sagradafamilia-tickets.com\/es\/wp-json\/wp\/v2\/comments?post=5170"}],"version-history":[{"count":1,"href":"https:\/\/sagradafamilia-tickets.com\/es\/wp-json\/wp\/v2\/posts\/5170\/revisions"}],"predecessor-version":[{"id":5171,"href":"https:\/\/sagradafamilia-tickets.com\/es\/wp-json\/wp\/v2\/posts\/5170\/revisions\/5171"}],"wp:featuredmedia":[{"embeddable":true,"href":"https:\/\/sagradafamilia-tickets.com\/es\/wp-json\/wp\/v2\/media\/3877"}],"wp:attachment":[{"href":"https:\/\/sagradafamilia-tickets.com\/es\/wp-json\/wp\/v2\/media?parent=5170"}],"wp:term":[{"taxonomy":"category","embeddable":true,"href":"https:\/\/sagradafamilia-tickets.com\/es\/wp-json\/wp\/v2\/categories?post=5170"},{"taxonomy":"post_tag","embeddable":true,"href":"https:\/\/sagradafamilia-tickets.com\/es\/wp-json\/wp\/v2\/tags?post=5170"}],"curies":[{"name":"wp","href":"https:\/\/api.w.org\/{rel}","templated":true}]}}