{"id":5154,"date":"2021-04-13T09:24:33","date_gmt":"2021-04-13T09:24:33","guid":{"rendered":"https:\/\/sagradafamilia-tickets.com\/?p=5154"},"modified":"2021-04-15T07:09:10","modified_gmt":"2021-04-15T07:09:10","slug":"la-fachada-de-la-pasion-de-la-sagrada-familia-que-representa","status":"publish","type":"post","link":"https:\/\/sagradafamilia-tickets.com\/es\/blog-sagrada-familia\/la-fachada-de-la-pasion-de-la-sagrada-familia-que-representa\/","title":{"rendered":"La Fachada de la Pasi\u00f3n de la Sagrada Familia: \u00bfQu\u00e9 representa?"},"content":{"rendered":"<p><span style=\"font-weight: 400;\">64 a\u00f1os han tenido que pasar para que el mundo pueda contemplar en todo su esplendor la <\/span><b>fachada de la Pasi\u00f3n<\/b><span style=\"font-weight: 400;\"> totalmente acabada. Ubicada en la calle Sardenya, y orientada al poniente, la fachada m\u00e1s austera de la Sagrada Familia est\u00e1 dedicada a la pasi\u00f3n y muerte de Jesucristo.<\/span><\/p>\n<p><span style=\"font-weight: 400;\">Sus cimientos empezaron a colocarse en el a\u00f1o 1954, <\/span><b>bajo la direcci\u00f3n del arquitecto Francesc Quintana<\/b><span style=\"font-weight: 400;\">, quien tuvo que retocar ciertos aspectos del dise\u00f1o original de Gaud\u00ed, ya que gran parte de sus dise\u00f1os y bocetos se perdieron durante la Guerra Civil.<\/span><\/p>\n<p><span style=\"font-weight: 400;\">Quien contemple la <\/span><b>fachada de la Pasi\u00f3n<\/b><span style=\"font-weight: 400;\">, puede notar claramente 3 partes diferenciadas: Las torres o campanarios, el p\u00f3rtico y las m\u00e1s de 100 esculturas dise\u00f1adas en su mayor\u00eda por Josep Mar\u00eda Subirachs.<\/span><\/p>\n<h2><b>Las torres de la fachada de la Pasi\u00f3n<\/b><\/h2>\n<p><img loading=\"lazy\" class=\"alignleft wp-image-3913\" src=\"https:\/\/sagradafamilia-tickets.com\/wp-content\/uploads\/2020\/07\/16-2-244x300.jpg\" alt=\"Torres fachada de la pasi\u00f3n\" width=\"216\" height=\"266\" srcset=\"https:\/\/sagradafamilia-tickets.com\/wp-content\/uploads\/2020\/07\/16-2-244x300.jpg 244w, https:\/\/sagradafamilia-tickets.com\/wp-content\/uploads\/2020\/07\/16-2-600x737.jpg 600w, https:\/\/sagradafamilia-tickets.com\/wp-content\/uploads\/2020\/07\/16-2.jpg 713w\" sizes=\"(max-width: 216px) 100vw, 216px\" \/><span style=\"font-weight: 400;\">Como todas las torres<\/span><span style=\"font-weight: 400;\">\u00a0de la Sagrada Familia, est\u00e1n destinadas a los ap\u00f3stoles. Las de la <\/span><b>fachada de la Pasi\u00f3n<\/b><span style=\"font-weight: 400;\"> corresponden a Santiago el Menor, Santo Tom\u00e1s, San Felipe y San Bartolom\u00e9, quienes est\u00e1n representados mediante estatuas con sus nombres inscritos en relieve. Son totalmente visitables y tienen una altura de 112 m las centrales y de 107 m las laterales.<\/span><\/p>\n<p><b>Su dise\u00f1o respeta el original de Gaud\u00ed<\/b><span style=\"font-weight: 400;\">, teniendo una secci\u00f3n romboidal, volvi\u00e9ndose en el\u00edptica a medida que van alcanzando su desarrollo final. Para culminar su magn\u00edfico dise\u00f1o, est\u00e1n unidas mediante un puente ubicado a 60 m de altura. Los pin\u00e1culos que las terminan tienen la misma simbolog\u00eda que el resto de las torres del templo, mostrando de esta forma la regularidad\u00a0del conjunto.<\/span><\/p>\n<h2><b>El p\u00f3rtico<\/b><\/h2>\n<p><span style=\"font-weight: 400;\">Compuesto por 6 columnas inclinadas desde el exterior al interior que soportan una cornisa en la que transcurre una galer\u00eda cubierta. Aqu\u00ed es donde puede apreciarse uno de los efectos visuales m\u00e1s bellos del dise\u00f1o de Gaud\u00ed: la inclinaci\u00f3n de la galer\u00eda hace que <\/span><b style=\"font-style: inherit;\">las superficies de su base con las de su cubierta no sean paralelas<\/b><span style=\"font-weight: 400;\">, provocando una est\u00e9tica visual totalmente original.<\/span><\/p>\n<p><img loading=\"lazy\" class=\"size-medium wp-image-5165 alignright\" style=\"font-weight: inherit;\" src=\"https:\/\/sagradafamilia-tickets.com\/wp-content\/uploads\/2021\/04\/portico-sagrada-familia-300x202.jpg\" alt=\"\" width=\"300\" height=\"202\" srcset=\"https:\/\/sagradafamilia-tickets.com\/wp-content\/uploads\/2021\/04\/portico-sagrada-familia-300x202.jpg 300w, https:\/\/sagradafamilia-tickets.com\/wp-content\/uploads\/2021\/04\/portico-sagrada-familia.jpg 516w\" sizes=\"(max-width: 300px) 100vw, 300px\" \/><\/p>\n<p><span style=\"font-weight: 400;\">En el p\u00f3rtico se sit\u00faan 3 puertas de entrada al crucero, constituyendo 3 zonas porticadas dedicadas a las virtudes teologales. En su conjunto destaca la puerta central por estar dividida a partir de un mainel central, en el cual se encuentra esculpido un alfa y omega unidos entre s\u00ed.<\/span><\/p>\n<p><span style=\"font-weight: 400;\">A lo largo de todo el conjunto puede observarse una escenificaci\u00f3n escult\u00f3rica que detalla la <\/span><b>Pasi\u00f3n de Cristo<\/b><span style=\"font-weight: 400;\"> y su muerte. En este punto, es importante detallar que si el observa<\/span><span style=\"font-weight: 400;\">dor se para a ver toda la fachada en su conjunto, podr\u00e1 apreciar la sincron\u00eda de todo el contenido escult\u00f3rico de la <\/span><b style=\"font-style: inherit;\">fachada de la Pasi\u00f3n<\/b><span style=\"font-weight: 400;\">.<\/span><\/p>\n<p><span style=\"font-weight: 400;\">Empezando por la izquierda del p\u00f3rtico y continuando en forma de S a lo largo de la fachada, <\/span><b>podr\u00e1 verse todo el recorrido de la Pasi\u00f3n de Cristo reflejado en sus numerosas esculturas<\/b><span style=\"font-weight: 400;\">. Posiblemente, contemplar la majestuosidad de la mezcla entre arquitectura y escultura de esta fachada, sea algo que el visitante de este templo no podr\u00e1 verlo en ning\u00fan otro edificio del mundo.<\/span><\/p>\n<h2><b>Esculturas de la Pasi\u00f3n de Cristo<\/b><\/h2>\n<p><span style=\"font-weight: 400;\">Todo el desarrollo de la <\/span><b>fachada de la Pasi\u00f3n de la Sagrada Familia<\/b><span style=\"font-weight: 400;\"> est\u00e1 basado en la escenificaci\u00f3n del Calvario de Jes\u00fas. En total, pueden contemplarse 13 escenas diferentes, con m\u00e1s de un centenar de esculturas, repartidas todas ellas en 3 niveles diferentes, formando un recorrido cronol\u00f3gico en forma de S a partir de la izquierda del p\u00f3rtico.<\/span><\/p>\n<p><span style=\"font-weight: 400;\">En su base, <\/span><b>desarrolla la \u00faltima noche de Jes\u00fas<\/b><span style=\"font-weight: 400;\">. El recorrido se inicia con la \u00faltima cena y, a trav\u00e9s de su desarrollo, se muestran las distintas fases desde la traici\u00f3n de Judas hasta el juicio presidido por Poncio Pilatos. Por si no fuera suficientemente explicativa, pueden observarse las numerosas inscripciones que van detallando el inicio del Calvario.<\/span><\/p>\n<h2 style=\"font-style: normal;\"><img loading=\"lazy\" class=\"size-medium wp-image-5167 alignleft\" style=\"font-size: 16px; font-weight: inherit;\" src=\"https:\/\/sagradafamilia-tickets.com\/wp-content\/uploads\/2021\/04\/pasion-de-cristo-300x225.jpg\" alt=\"\" width=\"300\" height=\"225\" srcset=\"https:\/\/sagradafamilia-tickets.com\/wp-content\/uploads\/2021\/04\/pasion-de-cristo-300x225.jpg 300w, https:\/\/sagradafamilia-tickets.com\/wp-content\/uploads\/2021\/04\/pasion-de-cristo.jpg 400w\" sizes=\"(max-width: 300px) 100vw, 300px\" \/><\/h2>\n<p><span style=\"font-weight: 400;\">El nivel medio es necesario empezarlo por la derecha y <\/span><b>relata los acontecimientos acaecidos despu\u00e9s del juicio<\/b><span style=\"font-weight: 400;\">. En su inicio aparece Cristo portando la cruz, totalmente desfallecido, mientras las tres Mar\u00edas contemplan desoladas la escena. Todo el desarrollo comprende el recorrido, hasta que finalmente se ve a un Longinos clavando la lanza a Jes\u00fas. Si te paras a mirar esta escena, podr\u00e1s observar como Subirachs realiza un homenaje a Gaud\u00ed, retrat\u00e1ndole en la figura de un evangelista situado a la izquierda de la Ver\u00f3nica.<\/span><\/p>\n<p><span style=\"font-weight: 400;\">El nivel superior se inicia en su izquierda y <\/span><b>representa la muerte y resurrecci\u00f3n de Jes\u00fas<\/b><span style=\"font-weight: 400;\">. El colof\u00f3n principal es la estatua central que representa la crucifixi\u00f3n, donde es necesario contemplar la simbolog\u00eda de la cruz, ya que es horizontal en vez de vertical. El recorrido acaba con la escena del Entierro.<\/span><\/p>\n<p><span style=\"font-weight: 400;\">La escenificaci\u00f3n escult\u00f3rica continua en el front\u00f3n piramidal, donde est\u00e1 representada la Resurrecci\u00f3n de Cristo y una paloma encarnando al Esp\u00edritu Santo. Y para finalizar toda esta belleza, no podr\u00eda realizarse de la mejor forma; sobre el puente que une los campanarios, y a 60 m de altura, una escultura en bronce <\/span><b>representa la Ascensi\u00f3n de Jes\u00fas<\/b><span style=\"font-weight: 400;\"> elev\u00e1ndose sobre el cielo de Barcelona.<\/span><\/p>\n<p><span style=\"font-weight: 400;\">La <\/span><b>fachada de la Pasi\u00f3n<\/b><span style=\"font-weight: 400;\"> en su conjunto no puede dejarte indiferente y es digna de contemplaci\u00f3n por todo su contraste y belleza. 64 a\u00f1os han sido necesarios para fusionar la arquitectura de un genio como Gaud\u00ed con la maestr\u00eda escult\u00f3rica de Subirachs, plasmando todo el dramatismo realista del Calvario de nuestro Se\u00f1or.<\/span><\/p>\n","protected":false},"excerpt":{"rendered":"<p>64 a\u00f1os han tenido que pasar para que el mundo pueda contemplar en todo su esplendor la fachada de la Pasi\u00f3n totalmente acabada. Ubicada en la calle Sardenya, y orientada al poniente, la fachada m\u00e1s austera de la Sagrada Familia est\u00e1 dedicada a la pasi\u00f3n y muerte de Jesucristo. Sus cimientos empezaron a colocarse en &hellip;<\/p>\n<p class=\"read-more\"> <a class=\"\" href=\"https:\/\/sagradafamilia-tickets.com\/es\/blog-sagrada-familia\/la-fachada-de-la-pasion-de-la-sagrada-familia-que-representa\/\"> <span class=\"screen-reader-text\">La Fachada de la Pasi\u00f3n de la Sagrada Familia: \u00bfQu\u00e9 representa?<\/span> Leer m\u00e1s &raquo;<\/a><\/p>\n","protected":false},"author":3,"featured_media":5155,"comment_status":"open","ping_status":"open","sticky":false,"template":"","format":"standard","meta":{"site-sidebar-layout":"default","site-content-layout":"default","ast-global-header-display":"","ast-main-header-display":"","ast-hfb-above-header-display":"","ast-hfb-below-header-display":"","ast-hfb-mobile-header-display":"","site-post-title":"","ast-breadcrumbs-content":"","ast-featured-img":"","footer-sml-layout":"","theme-transparent-header-meta":"default","adv-header-id-meta":"","stick-header-meta":"","header-above-stick-meta":"","header-main-stick-meta":"","header-below-stick-meta":""},"categories":[59],"tags":[],"yoast_head":"<!-- This site is optimized with the Yoast SEO plugin v20.4 - https:\/\/yoast.com\/wordpress\/plugins\/seo\/ -->\n<title>La Fachada de la Pasi\u00f3n de la Sagrada Familia: \u00bfQu\u00e9 representa? - Sagrada Familia Barcelona<\/title>\n<meta name=\"robots\" content=\"noindex, follow, max-snippet:-1, max-image-preview:large, max-video-preview:-1\" \/>\n<meta property=\"og:locale\" content=\"es_ES\" \/>\n<meta property=\"og:type\" content=\"article\" \/>\n<meta property=\"og:title\" content=\"La Fachada de la Pasi\u00f3n de la Sagrada Familia: \u00bfQu\u00e9 representa? - Sagrada Familia Barcelona\" \/>\n<meta property=\"og:description\" content=\"64 a\u00f1os han tenido que pasar para que el mundo pueda contemplar en todo su esplendor la fachada de la Pasi\u00f3n totalmente acabada. Ubicada en la calle Sardenya, y orientada al poniente, la fachada m\u00e1s austera de la Sagrada Familia est\u00e1 dedicada a la pasi\u00f3n y muerte de Jesucristo. Sus cimientos empezaron a colocarse en &hellip; La Fachada de la Pasi\u00f3n de la Sagrada Familia: \u00bfQu\u00e9 representa? Leer m\u00e1s &raquo;\" \/>\n<meta property=\"og:url\" content=\"https:\/\/sagradafamiliaticket.org\/es\/blog-sagrada-familia\/la-fachada-de-la-pasion-de-la-sagrada-familia-que-representa\/\" \/>\n<meta property=\"og:site_name\" content=\"Sagrada Familia Barcelona\" \/>\n<meta property=\"article:published_time\" content=\"2021-04-13T09:24:33+00:00\" \/>\n<meta property=\"article:modified_time\" content=\"2021-04-15T07:09:10+00:00\" \/>\n<meta property=\"og:image\" content=\"https:\/\/sagradafamiliaticket.org\/wp-content\/uploads\/2021\/04\/d2cbf71c49a9c3a3ea58b58ab9824d95807779f9_87b70e24-4bdd-4a63-bd76-b35e234d9903-9497-barcelona-fast-track-guided-tour-to-sagrada-familia-with-towers-access-01.jpg\" \/>\n\t<meta property=\"og:image:width\" content=\"1200\" \/>\n\t<meta property=\"og:image:height\" content=\"450\" \/>\n\t<meta property=\"og:image:type\" content=\"image\/jpeg\" \/>\n<meta name=\"author\" content=\"Garcia\" \/>\n<meta name=\"twitter:card\" content=\"summary_large_image\" \/>\n<meta name=\"twitter:label1\" content=\"Escrito por\" \/>\n\t<meta name=\"twitter:data1\" content=\"Garcia\" \/>\n\t<meta name=\"twitter:label2\" content=\"Tiempo de lectura\" \/>\n\t<meta name=\"twitter:data2\" content=\"5 minutos\" \/>\n<script type=\"application\/ld+json\" class=\"yoast-schema-graph\">{\"@context\":\"https:\/\/schema.org\",\"@graph\":[{\"@type\":\"Article\",\"@id\":\"https:\/\/sagradafamiliaticket.org\/es\/blog-sagrada-familia\/la-fachada-de-la-pasion-de-la-sagrada-familia-que-representa\/#article\",\"isPartOf\":{\"@id\":\"https:\/\/sagradafamiliaticket.org\/es\/blog-sagrada-familia\/la-fachada-de-la-pasion-de-la-sagrada-familia-que-representa\/\"},\"author\":{\"name\":\"Garcia\",\"@id\":\"https:\/\/sagradafamilia-tickets.com\/#\/schema\/person\/23972abafba8c449b1a2910e674ba4ee\"},\"headline\":\"La Fachada de la Pasi\u00f3n de la Sagrada Familia: \u00bfQu\u00e9 representa?\",\"datePublished\":\"2021-04-13T09:24:33+00:00\",\"dateModified\":\"2021-04-15T07:09:10+00:00\",\"mainEntityOfPage\":{\"@id\":\"https:\/\/sagradafamiliaticket.org\/es\/blog-sagrada-familia\/la-fachada-de-la-pasion-de-la-sagrada-familia-que-representa\/\"},\"wordCount\":946,\"commentCount\":0,\"publisher\":{\"@id\":\"https:\/\/sagradafamilia-tickets.com\/#organization\"},\"articleSection\":[\"Blog de la Sagrada Familia\"],\"inLanguage\":\"es\",\"potentialAction\":[{\"@type\":\"CommentAction\",\"name\":\"Comment\",\"target\":[\"https:\/\/sagradafamiliaticket.org\/es\/blog-sagrada-familia\/la-fachada-de-la-pasion-de-la-sagrada-familia-que-representa\/#respond\"]}]},{\"@type\":\"WebPage\",\"@id\":\"https:\/\/sagradafamiliaticket.org\/es\/blog-sagrada-familia\/la-fachada-de-la-pasion-de-la-sagrada-familia-que-representa\/\",\"url\":\"https:\/\/sagradafamiliaticket.org\/es\/blog-sagrada-familia\/la-fachada-de-la-pasion-de-la-sagrada-familia-que-representa\/\",\"name\":\"La Fachada de la Pasi\u00f3n de la Sagrada Familia: \u00bfQu\u00e9 representa? - Sagrada Familia Barcelona\",\"isPartOf\":{\"@id\":\"https:\/\/sagradafamilia-tickets.com\/#website\"},\"datePublished\":\"2021-04-13T09:24:33+00:00\",\"dateModified\":\"2021-04-15T07:09:10+00:00\",\"breadcrumb\":{\"@id\":\"https:\/\/sagradafamiliaticket.org\/es\/blog-sagrada-familia\/la-fachada-de-la-pasion-de-la-sagrada-familia-que-representa\/#breadcrumb\"},\"inLanguage\":\"es\",\"potentialAction\":[{\"@type\":\"ReadAction\",\"target\":[\"https:\/\/sagradafamiliaticket.org\/es\/blog-sagrada-familia\/la-fachada-de-la-pasion-de-la-sagrada-familia-que-representa\/\"]}]},{\"@type\":\"BreadcrumbList\",\"@id\":\"https:\/\/sagradafamiliaticket.org\/es\/blog-sagrada-familia\/la-fachada-de-la-pasion-de-la-sagrada-familia-que-representa\/#breadcrumb\",\"itemListElement\":[{\"@type\":\"ListItem\",\"position\":1,\"name\":\"Home\",\"item\":\"https:\/\/sagradafamilia-tickets.com\/\"},{\"@type\":\"ListItem\",\"position\":2,\"name\":\"La Fachada de la Pasi\u00f3n de la Sagrada Familia: \u00bfQu\u00e9 representa?\"}]},{\"@type\":\"WebSite\",\"@id\":\"https:\/\/sagradafamilia-tickets.com\/#website\",\"url\":\"https:\/\/sagradafamilia-tickets.com\/\",\"name\":\"Sagrada Familia Barcelona\",\"description\":\"Book Your Tickets &amp; Tours\",\"publisher\":{\"@id\":\"https:\/\/sagradafamilia-tickets.com\/#organization\"},\"potentialAction\":[{\"@type\":\"SearchAction\",\"target\":{\"@type\":\"EntryPoint\",\"urlTemplate\":\"https:\/\/sagradafamilia-tickets.com\/?s={search_term_string}\"},\"query-input\":\"required name=search_term_string\"}],\"inLanguage\":\"es\"},{\"@type\":\"Organization\",\"@id\":\"https:\/\/sagradafamilia-tickets.com\/#organization\",\"name\":\"Sagrada Familia Barcelona\",\"url\":\"https:\/\/sagradafamilia-tickets.com\/\",\"logo\":{\"@type\":\"ImageObject\",\"inLanguage\":\"es\",\"@id\":\"https:\/\/sagradafamilia-tickets.com\/#\/schema\/logo\/image\/\",\"url\":\"https:\/\/sagradafamilia-tickets.com\/wp-content\/uploads\/2022\/08\/Sagrada-Familia-Tick.png\",\"contentUrl\":\"https:\/\/sagradafamilia-tickets.com\/wp-content\/uploads\/2022\/08\/Sagrada-Familia-Tick.png\",\"width\":526,\"height\":50,\"caption\":\"Sagrada Familia Barcelona\"},\"image\":{\"@id\":\"https:\/\/sagradafamilia-tickets.com\/#\/schema\/logo\/image\/\"}},{\"@type\":\"Person\",\"@id\":\"https:\/\/sagradafamilia-tickets.com\/#\/schema\/person\/23972abafba8c449b1a2910e674ba4ee\",\"name\":\"Garcia\",\"image\":{\"@type\":\"ImageObject\",\"inLanguage\":\"es\",\"@id\":\"https:\/\/sagradafamilia-tickets.com\/#\/schema\/person\/image\/\",\"url\":\"https:\/\/secure.gravatar.com\/avatar\/c18a9f903b74d59a1d3e1d78cb040b3e?s=96&d=mm&r=g\",\"contentUrl\":\"https:\/\/secure.gravatar.com\/avatar\/c18a9f903b74d59a1d3e1d78cb040b3e?s=96&d=mm&r=g\",\"caption\":\"Garcia\"}}]}<\/script>\n<!-- \/ Yoast SEO plugin. -->","yoast_head_json":{"title":"La Fachada de la Pasi\u00f3n de la Sagrada Familia: \u00bfQu\u00e9 representa? - Sagrada Familia Barcelona","robots":{"index":"noindex","follow":"follow","max-snippet":"max-snippet:-1","max-image-preview":"max-image-preview:large","max-video-preview":"max-video-preview:-1"},"og_locale":"es_ES","og_type":"article","og_title":"La Fachada de la Pasi\u00f3n de la Sagrada Familia: \u00bfQu\u00e9 representa? - Sagrada Familia Barcelona","og_description":"64 a\u00f1os han tenido que pasar para que el mundo pueda contemplar en todo su esplendor la fachada de la Pasi\u00f3n totalmente acabada. Ubicada en la calle Sardenya, y orientada al poniente, la fachada m\u00e1s austera de la Sagrada Familia est\u00e1 dedicada a la pasi\u00f3n y muerte de Jesucristo. Sus cimientos empezaron a colocarse en &hellip; La Fachada de la Pasi\u00f3n de la Sagrada Familia: \u00bfQu\u00e9 representa? Leer m\u00e1s &raquo;","og_url":"https:\/\/sagradafamiliaticket.org\/es\/blog-sagrada-familia\/la-fachada-de-la-pasion-de-la-sagrada-familia-que-representa\/","og_site_name":"Sagrada Familia Barcelona","article_published_time":"2021-04-13T09:24:33+00:00","article_modified_time":"2021-04-15T07:09:10+00:00","og_image":[{"width":1200,"height":450,"url":"https:\/\/sagradafamiliaticket.org\/wp-content\/uploads\/2021\/04\/d2cbf71c49a9c3a3ea58b58ab9824d95807779f9_87b70e24-4bdd-4a63-bd76-b35e234d9903-9497-barcelona-fast-track-guided-tour-to-sagrada-familia-with-towers-access-01.jpg","type":"image\/jpeg"}],"author":"Garcia","twitter_card":"summary_large_image","twitter_misc":{"Escrito por":"Garcia","Tiempo de lectura":"5 minutos"},"schema":{"@context":"https:\/\/schema.org","@graph":[{"@type":"Article","@id":"https:\/\/sagradafamiliaticket.org\/es\/blog-sagrada-familia\/la-fachada-de-la-pasion-de-la-sagrada-familia-que-representa\/#article","isPartOf":{"@id":"https:\/\/sagradafamiliaticket.org\/es\/blog-sagrada-familia\/la-fachada-de-la-pasion-de-la-sagrada-familia-que-representa\/"},"author":{"name":"Garcia","@id":"https:\/\/sagradafamilia-tickets.com\/#\/schema\/person\/23972abafba8c449b1a2910e674ba4ee"},"headline":"La Fachada de la Pasi\u00f3n de la Sagrada Familia: \u00bfQu\u00e9 representa?","datePublished":"2021-04-13T09:24:33+00:00","dateModified":"2021-04-15T07:09:10+00:00","mainEntityOfPage":{"@id":"https:\/\/sagradafamiliaticket.org\/es\/blog-sagrada-familia\/la-fachada-de-la-pasion-de-la-sagrada-familia-que-representa\/"},"wordCount":946,"commentCount":0,"publisher":{"@id":"https:\/\/sagradafamilia-tickets.com\/#organization"},"articleSection":["Blog de la Sagrada Familia"],"inLanguage":"es","potentialAction":[{"@type":"CommentAction","name":"Comment","target":["https:\/\/sagradafamiliaticket.org\/es\/blog-sagrada-familia\/la-fachada-de-la-pasion-de-la-sagrada-familia-que-representa\/#respond"]}]},{"@type":"WebPage","@id":"https:\/\/sagradafamiliaticket.org\/es\/blog-sagrada-familia\/la-fachada-de-la-pasion-de-la-sagrada-familia-que-representa\/","url":"https:\/\/sagradafamiliaticket.org\/es\/blog-sagrada-familia\/la-fachada-de-la-pasion-de-la-sagrada-familia-que-representa\/","name":"La Fachada de la Pasi\u00f3n de la Sagrada Familia: \u00bfQu\u00e9 representa? - Sagrada Familia Barcelona","isPartOf":{"@id":"https:\/\/sagradafamilia-tickets.com\/#website"},"datePublished":"2021-04-13T09:24:33+00:00","dateModified":"2021-04-15T07:09:10+00:00","breadcrumb":{"@id":"https:\/\/sagradafamiliaticket.org\/es\/blog-sagrada-familia\/la-fachada-de-la-pasion-de-la-sagrada-familia-que-representa\/#breadcrumb"},"inLanguage":"es","potentialAction":[{"@type":"ReadAction","target":["https:\/\/sagradafamiliaticket.org\/es\/blog-sagrada-familia\/la-fachada-de-la-pasion-de-la-sagrada-familia-que-representa\/"]}]},{"@type":"BreadcrumbList","@id":"https:\/\/sagradafamiliaticket.org\/es\/blog-sagrada-familia\/la-fachada-de-la-pasion-de-la-sagrada-familia-que-representa\/#breadcrumb","itemListElement":[{"@type":"ListItem","position":1,"name":"Home","item":"https:\/\/sagradafamilia-tickets.com\/"},{"@type":"ListItem","position":2,"name":"La Fachada de la Pasi\u00f3n de la Sagrada Familia: \u00bfQu\u00e9 representa?"}]},{"@type":"WebSite","@id":"https:\/\/sagradafamilia-tickets.com\/#website","url":"https:\/\/sagradafamilia-tickets.com\/","name":"Sagrada Familia Barcelona","description":"Book Your Tickets &amp; Tours","publisher":{"@id":"https:\/\/sagradafamilia-tickets.com\/#organization"},"potentialAction":[{"@type":"SearchAction","target":{"@type":"EntryPoint","urlTemplate":"https:\/\/sagradafamilia-tickets.com\/?s={search_term_string}"},"query-input":"required name=search_term_string"}],"inLanguage":"es"},{"@type":"Organization","@id":"https:\/\/sagradafamilia-tickets.com\/#organization","name":"Sagrada Familia Barcelona","url":"https:\/\/sagradafamilia-tickets.com\/","logo":{"@type":"ImageObject","inLanguage":"es","@id":"https:\/\/sagradafamilia-tickets.com\/#\/schema\/logo\/image\/","url":"https:\/\/sagradafamilia-tickets.com\/wp-content\/uploads\/2022\/08\/Sagrada-Familia-Tick.png","contentUrl":"https:\/\/sagradafamilia-tickets.com\/wp-content\/uploads\/2022\/08\/Sagrada-Familia-Tick.png","width":526,"height":50,"caption":"Sagrada Familia Barcelona"},"image":{"@id":"https:\/\/sagradafamilia-tickets.com\/#\/schema\/logo\/image\/"}},{"@type":"Person","@id":"https:\/\/sagradafamilia-tickets.com\/#\/schema\/person\/23972abafba8c449b1a2910e674ba4ee","name":"Garcia","image":{"@type":"ImageObject","inLanguage":"es","@id":"https:\/\/sagradafamilia-tickets.com\/#\/schema\/person\/image\/","url":"https:\/\/secure.gravatar.com\/avatar\/c18a9f903b74d59a1d3e1d78cb040b3e?s=96&d=mm&r=g","contentUrl":"https:\/\/secure.gravatar.com\/avatar\/c18a9f903b74d59a1d3e1d78cb040b3e?s=96&d=mm&r=g","caption":"Garcia"}}]}},"_links":{"self":[{"href":"https:\/\/sagradafamilia-tickets.com\/es\/wp-json\/wp\/v2\/posts\/5154"}],"collection":[{"href":"https:\/\/sagradafamilia-tickets.com\/es\/wp-json\/wp\/v2\/posts"}],"about":[{"href":"https:\/\/sagradafamilia-tickets.com\/es\/wp-json\/wp\/v2\/types\/post"}],"author":[{"embeddable":true,"href":"https:\/\/sagradafamilia-tickets.com\/es\/wp-json\/wp\/v2\/users\/3"}],"replies":[{"embeddable":true,"href":"https:\/\/sagradafamilia-tickets.com\/es\/wp-json\/wp\/v2\/comments?post=5154"}],"version-history":[{"count":5,"href":"https:\/\/sagradafamilia-tickets.com\/es\/wp-json\/wp\/v2\/posts\/5154\/revisions"}],"predecessor-version":[{"id":5198,"href":"https:\/\/sagradafamilia-tickets.com\/es\/wp-json\/wp\/v2\/posts\/5154\/revisions\/5198"}],"wp:featuredmedia":[{"embeddable":true,"href":"https:\/\/sagradafamilia-tickets.com\/es\/wp-json\/wp\/v2\/media\/5155"}],"wp:attachment":[{"href":"https:\/\/sagradafamilia-tickets.com\/es\/wp-json\/wp\/v2\/media?parent=5154"}],"wp:term":[{"taxonomy":"category","embeddable":true,"href":"https:\/\/sagradafamilia-tickets.com\/es\/wp-json\/wp\/v2\/categories?post=5154"},{"taxonomy":"post_tag","embeddable":true,"href":"https:\/\/sagradafamilia-tickets.com\/es\/wp-json\/wp\/v2\/tags?post=5154"}],"curies":[{"name":"wp","href":"https:\/\/api.w.org\/{rel}","templated":true}]}}